{"id":12186,"date":"2018-06-06T18:04:53","date_gmt":"2018-06-07T00:04:53","guid":{"rendered":"http:\/\/elsemanariodenuevoleon.com.mx\/portal\/?p=12186"},"modified":"2018-06-06T18:20:07","modified_gmt":"2018-06-07T00:20:07","slug":"12186","status":"publish","type":"post","link":"https:\/\/elsemanariodenuevoleon.com.mx\/portal\/12186\/","title":{"rendered":"Exhortan a Estado solicitar recursos para sequ\u00eda"},"content":{"rendered":"<p><style>.wp-show-posts-columns#wpsp-8188 {margin-left: -2em; }.wp-show-posts-columns#wpsp-8188 .wp-show-posts-inner {margin: 0 0 2em 2em; }<\/style><section id=\"wpsp-8188\" class=\" wp-show-posts-columns wp-show-posts\" style=\"\"><article class=\" wp-show-posts-single post-122810 post type-post status-publish format-link has-post-thumbnail hentry category-locales category-portada post_format-post-format-link has-thumb wpsp-col-6\" itemtype=\"http:\/\/schema.org\/CreativeWork\" itemscope><div class=\"wp-show-posts-inner\" style=\"\">\t\t\t\t\t\t<header class=\"wp-show-posts-entry-header\">\n\t\t\t\t\t\t\t<h2 class=\"wp-show-posts-entry-title\" itemprop=\"headline\"><a href=\"https:\/\/elsemanariodenuevoleon.com.mx\/portal\/van-autoridades-y-pemex-tras-el-origen-de-los-olores-atipicos-en-la-zona-metropolitana\/\" rel=\"bookmark\">Van autoridades y Pemex tras el origen de los olores at\u00edpicos en la zona metropolitana<\/a><\/h2><div class=\"wp-show-posts-entry-meta wp-show-posts-entry-meta-below-title post-meta-inline\"><span class=\"wp-show-posts-posted-on wp-show-posts-meta\">\n\t\t\t\t\t<a href=\"https:\/\/elsemanariodenuevoleon.com.mx\/portal\/van-autoridades-y-pemex-tras-el-origen-de-los-olores-atipicos-en-la-zona-metropolitana\/\" title=\"12:00 pm\" rel=\"bookmark\"><time class=\"wp-show-posts-entry-date published\" datetime=\"2026-09-04T12:00:29-06:00\" itemprop=\"datePublished\">4 septiembre, 2026<\/time><time class=\"wp-show-posts-updated\" datetime=\"2026-09-04T12:00:30-06:00\" itemprop=\"dateModified\">4 septiembre, 2026<\/time><\/a>\n\t\t\t\t<\/span><\/div>\t\t\t\t\t\t<\/header><!-- .entry-header -->\n\t\t\t\t\t\t\t<div class=\"wp-show-posts-image  wpsp-image-left \">\n\t\t\t<a href=\"https:\/\/elsemanariodenuevoleon.com.mx\/portal\/van-autoridades-y-pemex-tras-el-origen-de-los-olores-atipicos-en-la-zona-metropolitana\/\"  title=\"Van autoridades y Pemex tras el origen de los olores at\u00edpicos en la zona metropolitana\">\t\t\t\t\t<img decoding=\"async\" src=\"https:\/\/elsemanariodenuevoleon.com.mx\/portal\/wp-content\/uploads\/2026\/09\/WhatsApp-Image-2026-09-04-at-11.50.42-AM-200x200.jpeg\" alt=\"Van autoridades y Pemex tras el origen de los olores at\u00edpicos en la zona metropolitana\" itemprop=\"image\" class=\"left\" \/>\n\t\t\t\t<\/a>\t\t<\/div>\n\t\t\t\t\t\t\t\t<div class=\"wp-show-posts-entry-summary\" itemprop=\"text\">\n\t\t\t\t\t\t\t<p>\ud83d\udcc5 4 de septiembre de 2026 Autoridades ambientales de nivel federal y estatal, en conjunto con Petr\u00f3leos Mexicanos (Pemex), acordaron intensificar las labores de inspecci\u00f3n, monitoreo y evaluaci\u00f3n para ubicar&#8230;<\/p>\n\t\t\t\t\t\t<\/div><!-- .entry-summary -->\n\t\t\t\t\t<\/div><!-- wp-show-posts-inner --><\/article><article class=\" wp-show-posts-single post-122807 post type-post status-publish format-link has-post-thumbnail hentry category-portada category-seguridad post_format-post-format-link has-thumb wpsp-col-6\" itemtype=\"http:\/\/schema.org\/CreativeWork\" itemscope><div class=\"wp-show-posts-inner\" style=\"\">\t\t\t\t\t\t<header class=\"wp-show-posts-entry-header\">\n\t\t\t\t\t\t\t<h2 class=\"wp-show-posts-entry-title\" itemprop=\"headline\"><a href=\"https:\/\/elsemanariodenuevoleon.com.mx\/portal\/dan-15-anos-de-carcel-a-un-hombre-por-matar-a-golpes-a-un-cliente-en-un-bar-del-centro-de-monterrey\/\" rel=\"bookmark\">Dan 15 a\u00f1os de c\u00e1rcel a un hombre por matar a golpes a un cliente en un bar del Centro de Monterrey<\/a><\/h2><div class=\"wp-show-posts-entry-meta wp-show-posts-entry-meta-below-title post-meta-inline\"><span class=\"wp-show-posts-posted-on wp-show-posts-meta\">\n\t\t\t\t\t<a href=\"https:\/\/elsemanariodenuevoleon.com.mx\/portal\/dan-15-anos-de-carcel-a-un-hombre-por-matar-a-golpes-a-un-cliente-en-un-bar-del-centro-de-monterrey\/\" title=\"11:56 am\" rel=\"bookmark\"><time class=\"wp-show-posts-entry-date published\" datetime=\"2026-09-04T11:56:10-06:00\" itemprop=\"datePublished\">4 septiembre, 2026<\/time><time class=\"wp-show-posts-updated\" datetime=\"2026-09-04T11:56:11-06:00\" itemprop=\"dateModified\">4 septiembre, 2026<\/time><\/a>\n\t\t\t\t<\/span><\/div>\t\t\t\t\t\t<\/header><!-- .entry-header -->\n\t\t\t\t\t\t\t<div class=\"wp-show-posts-image  wpsp-image-left \">\n\t\t\t<a href=\"https:\/\/elsemanariodenuevoleon.com.mx\/portal\/dan-15-anos-de-carcel-a-un-hombre-por-matar-a-golpes-a-un-cliente-en-un-bar-del-centro-de-monterrey\/\"  title=\"Dan 15 a\u00f1os de c\u00e1rcel a un hombre por matar a golpes a un cliente en un bar del Centro de Monterrey\">\t\t\t\t\t<img decoding=\"async\" src=\"https:\/\/elsemanariodenuevoleon.com.mx\/portal\/wp-content\/uploads\/2026\/09\/WhatsApp-Image-2026-09-04-at-11.22.23-AM-200x200.jpeg\" alt=\"Dan 15 a\u00f1os de c\u00e1rcel a un hombre por matar a golpes a un cliente en un bar del Centro de Monterrey\" itemprop=\"image\" class=\"left\" \/>\n\t\t\t\t<\/a>\t\t<\/div>\n\t\t\t\t\t\t\t\t<div class=\"wp-show-posts-entry-summary\" itemprop=\"text\">\n\t\t\t\t\t\t\t<p>\ud83d\udcc5 4 de septiembre de 2026 Un hombre identificado como Margarito &#8220;N&#8221; fue condenado a pasar 15 a\u00f1os en prisi\u00f3n tras ser encontrado culpable de matar a golpes a un&#8230;<\/p>\n\t\t\t\t\t\t<\/div><!-- .entry-summary -->\n\t\t\t\t\t<\/div><!-- wp-show-posts-inner --><\/article><article class=\" wp-show-posts-single post-122819 post type-post status-publish format-link has-post-thumbnail hentry category-portada category-seguridad post_format-post-format-link has-thumb wpsp-col-6\" itemtype=\"http:\/\/schema.org\/CreativeWork\" itemscope><div class=\"wp-show-posts-inner\" style=\"\">\t\t\t\t\t\t<header class=\"wp-show-posts-entry-header\">\n\t\t\t\t\t\t\t<h2 class=\"wp-show-posts-entry-title\" itemprop=\"headline\"><a href=\"https:\/\/elsemanariodenuevoleon.com.mx\/portal\/dan-25-anos-de-carcel-a-un-hombre-por-matar-a-cuchilladas-a-un-vecino-en-guadalupe\/\" rel=\"bookmark\">Dan 25 a\u00f1os de c\u00e1rcel a un hombre por matar a cuchilladas a un vecino en Guadalupe<\/a><\/h2><div class=\"wp-show-posts-entry-meta wp-show-posts-entry-meta-below-title post-meta-inline\"><span class=\"wp-show-posts-posted-on wp-show-posts-meta\">\n\t\t\t\t\t<a href=\"https:\/\/elsemanariodenuevoleon.com.mx\/portal\/dan-25-anos-de-carcel-a-un-hombre-por-matar-a-cuchilladas-a-un-vecino-en-guadalupe\/\" title=\"12:15 pm\" rel=\"bookmark\"><time class=\"wp-show-posts-entry-date published\" datetime=\"2026-09-03T12:15:20-06:00\" itemprop=\"datePublished\">3 septiembre, 2026<\/time><time class=\"wp-show-posts-updated\" datetime=\"2026-09-04T12:17:35-06:00\" itemprop=\"dateModified\">4 septiembre, 2026<\/time><\/a>\n\t\t\t\t<\/span><\/div>\t\t\t\t\t\t<\/header><!-- .entry-header -->\n\t\t\t\t\t\t\t<div class=\"wp-show-posts-image  wpsp-image-left \">\n\t\t\t<a href=\"https:\/\/elsemanariodenuevoleon.com.mx\/portal\/dan-25-anos-de-carcel-a-un-hombre-por-matar-a-cuchilladas-a-un-vecino-en-guadalupe\/\"  title=\"Dan 25 a\u00f1os de c\u00e1rcel a un hombre por matar a cuchilladas a un vecino en Guadalupe\">\t\t\t\t\t<img decoding=\"async\" src=\"https:\/\/elsemanariodenuevoleon.com.mx\/portal\/wp-content\/uploads\/2026\/09\/WhatsApp-Image-2026-09-03-at-6.18.40-PM-200x200.jpeg\" alt=\"Dan 25 a\u00f1os de c\u00e1rcel a un hombre por matar a cuchilladas a un vecino en Guadalupe\" itemprop=\"image\" class=\"left\" \/>\n\t\t\t\t<\/a>\t\t<\/div>\n\t\t\t\t\t\t\t\t<div class=\"wp-show-posts-entry-summary\" itemprop=\"text\">\n\t\t\t\t\t\t\t<p>\ud83d\udcc5 3 de septiembre de 2026 Un hombre identificado como Edgar &#8220;N&#8221; fue sentenciado a pasar 25 a\u00f1os en prisi\u00f3n tras ser encontrado culpable de matar con un cuchillo a&#8230;<\/p>\n\t\t\t\t\t\t<\/div><!-- .entry-summary -->\n\t\t\t\t\t<\/div><!-- wp-show-posts-inner --><\/article><article class=\" wp-show-posts-single post-122816 post type-post status-publish format-link has-post-thumbnail hentry category-politics category-portada post_format-post-format-link has-thumb wpsp-col-6\" itemtype=\"http:\/\/schema.org\/CreativeWork\" itemscope><div class=\"wp-show-posts-inner\" style=\"\">\t\t\t\t\t\t<header class=\"wp-show-posts-entry-header\">\n\t\t\t\t\t\t\t<h2 class=\"wp-show-posts-entry-title\" itemprop=\"headline\"><a href=\"https:\/\/elsemanariodenuevoleon.com.mx\/portal\/cuestiona-waldo-fernandez-acercamientos-de-la-uanl-con-el-poder-ejecutivo\/\" rel=\"bookmark\">Cuestiona Waldo Fern\u00e1ndez acercamientos de la UANL con el Poder Ejecutivo<\/a><\/h2><div class=\"wp-show-posts-entry-meta wp-show-posts-entry-meta-below-title post-meta-inline\"><span class=\"wp-show-posts-posted-on wp-show-posts-meta\">\n\t\t\t\t\t<a href=\"https:\/\/elsemanariodenuevoleon.com.mx\/portal\/cuestiona-waldo-fernandez-acercamientos-de-la-uanl-con-el-poder-ejecutivo\/\" title=\"12:10 pm\" rel=\"bookmark\"><time class=\"wp-show-posts-entry-date published\" datetime=\"2026-09-03T12:10:51-06:00\" itemprop=\"datePublished\">3 septiembre, 2026<\/time><time class=\"wp-show-posts-updated\" datetime=\"2026-09-04T12:15:03-06:00\" itemprop=\"dateModified\">4 septiembre, 2026<\/time><\/a>\n\t\t\t\t<\/span><\/div>\t\t\t\t\t\t<\/header><!-- .entry-header -->\n\t\t\t\t\t\t\t<div class=\"wp-show-posts-image  wpsp-image-left \">\n\t\t\t<a href=\"https:\/\/elsemanariodenuevoleon.com.mx\/portal\/cuestiona-waldo-fernandez-acercamientos-de-la-uanl-con-el-poder-ejecutivo\/\"  title=\"Cuestiona Waldo Fern\u00e1ndez acercamientos de la UANL con el Poder Ejecutivo\">\t\t\t\t\t<img decoding=\"async\" src=\"https:\/\/elsemanariodenuevoleon.com.mx\/portal\/wp-content\/uploads\/2026\/09\/WhatsApp-Image-2026-09-03-at-4.40.11-PM-200x200.jpeg\" alt=\"Cuestiona Waldo Fern\u00e1ndez acercamientos de la UANL con el Poder Ejecutivo\" itemprop=\"image\" class=\"left\" \/>\n\t\t\t\t<\/a>\t\t<\/div>\n\t\t\t\t\t\t\t\t<div class=\"wp-show-posts-entry-summary\" itemprop=\"text\">\n\t\t\t\t\t\t\t<p>\ud83d\udcc5 3 de septiembre de 2026 Ante las recientes se\u00f1ales de acercamiento entre directivos de la Universidad Aut\u00f3noma de Nuevo Le\u00f3n (UANL) y el Poder Ejecutivo estatal, el senador con&#8230;<\/p>\n\t\t\t\t\t\t<\/div><!-- .entry-summary -->\n\t\t\t\t\t<\/div><!-- wp-show-posts-inner --><\/article><article class=\" wp-show-posts-single post-122813 post type-post status-publish format-link has-post-thumbnail hentry category-politics category-portada post_format-post-format-link has-thumb wpsp-col-6\" itemtype=\"http:\/\/schema.org\/CreativeWork\" itemscope><div class=\"wp-show-posts-inner\" style=\"\">\t\t\t\t\t\t<header class=\"wp-show-posts-entry-header\">\n\t\t\t\t\t\t\t<h2 class=\"wp-show-posts-entry-title\" itemprop=\"headline\"><a href=\"https:\/\/elsemanariodenuevoleon.com.mx\/portal\/no-me-acalambra-y-no-me-va-a-quitar-lorena-de-la-garza-a-samuel-garcia\/\" rel=\"bookmark\">&#8220;No me acalambra y no me va a quitar&#8221;: Lorena de la Garza a Samuel Garc\u00eda<\/a><\/h2><div class=\"wp-show-posts-entry-meta wp-show-posts-entry-meta-below-title post-meta-inline\"><span class=\"wp-show-posts-posted-on wp-show-posts-meta\">\n\t\t\t\t\t<a href=\"https:\/\/elsemanariodenuevoleon.com.mx\/portal\/no-me-acalambra-y-no-me-va-a-quitar-lorena-de-la-garza-a-samuel-garcia\/\" title=\"12:00 pm\" rel=\"bookmark\"><time class=\"wp-show-posts-entry-date published\" datetime=\"2026-09-03T12:00:42-06:00\" itemprop=\"datePublished\">3 septiembre, 2026<\/time><time class=\"wp-show-posts-updated\" datetime=\"2026-09-04T12:09:55-06:00\" itemprop=\"dateModified\">4 septiembre, 2026<\/time><\/a>\n\t\t\t\t<\/span><\/div>\t\t\t\t\t\t<\/header><!-- .entry-header -->\n\t\t\t\t\t\t\t<div class=\"wp-show-posts-image  wpsp-image-left \">\n\t\t\t<a href=\"https:\/\/elsemanariodenuevoleon.com.mx\/portal\/no-me-acalambra-y-no-me-va-a-quitar-lorena-de-la-garza-a-samuel-garcia\/\"  title=\"&#8220;No me acalambra y no me va a quitar&#8221;: Lorena de la Garza a Samuel Garc\u00eda\">\t\t\t\t\t<img decoding=\"async\" src=\"https:\/\/elsemanariodenuevoleon.com.mx\/portal\/wp-content\/uploads\/2026\/09\/WhatsApp-Image-2026-09-03-at-2.38.18-PM-200x200.jpeg\" alt=\"&#8220;No me acalambra y no me va a quitar&#8221;: Lorena de la Garza a Samuel Garc\u00eda\" itemprop=\"image\" class=\"left\" \/>\n\t\t\t\t<\/a>\t\t<\/div>\n\t\t\t\t\t\t\t\t<div class=\"wp-show-posts-entry-summary\" itemprop=\"text\">\n\t\t\t\t\t\t\t<p>\ud83d\udcc5 3 de septiembre de 2026 La diputada local por Monterrey y Presidenta de la Comisi\u00f3n de Presupuesto en el Congreso de Nuevo Le\u00f3n, Lorena de la Garza Venecia, respondi\u00f3&#8230;<\/p>\n\t\t\t\t\t\t<\/div><!-- .entry-summary -->\n\t\t\t\t\t<\/div><!-- wp-show-posts-inner --><\/article><article class=\" wp-show-posts-single post-122799 post type-post status-publish format-link has-post-thumbnail hentry category-portada category-seguridad post_format-post-format-link has-thumb wpsp-col-6\" itemtype=\"http:\/\/schema.org\/CreativeWork\" itemscope><div class=\"wp-show-posts-inner\" style=\"\">\t\t\t\t\t\t<header class=\"wp-show-posts-entry-header\">\n\t\t\t\t\t\t\t<h2 class=\"wp-show-posts-entry-title\" itemprop=\"headline\"><a href=\"https:\/\/elsemanariodenuevoleon.com.mx\/portal\/cae-celula-delictiva-en-sabinas-hidalgo-tras-operativos-de-fuerza-civil-defensa-y-guardia-nacional\/\" rel=\"bookmark\">Cae c\u00e9lula delictiva en Sabinas Hidalgo tras operativos de Fuerza Civil, Defensa y Guardia Nacional<\/a><\/h2><div class=\"wp-show-posts-entry-meta wp-show-posts-entry-meta-below-title post-meta-inline\"><span class=\"wp-show-posts-posted-on wp-show-posts-meta\">\n\t\t\t\t\t<a href=\"https:\/\/elsemanariodenuevoleon.com.mx\/portal\/cae-celula-delictiva-en-sabinas-hidalgo-tras-operativos-de-fuerza-civil-defensa-y-guardia-nacional\/\" title=\"11:59 am\" rel=\"bookmark\"><time class=\"wp-show-posts-entry-date published\" datetime=\"2026-09-03T11:59:51-06:00\" itemprop=\"datePublished\">3 septiembre, 2026<\/time><time class=\"wp-show-posts-updated\" datetime=\"2026-09-03T11:59:52-06:00\" itemprop=\"dateModified\">3 septiembre, 2026<\/time><\/a>\n\t\t\t\t<\/span><\/div>\t\t\t\t\t\t<\/header><!-- .entry-header -->\n\t\t\t\t\t\t\t<div class=\"wp-show-posts-image  wpsp-image-left \">\n\t\t\t<a href=\"https:\/\/elsemanariodenuevoleon.com.mx\/portal\/cae-celula-delictiva-en-sabinas-hidalgo-tras-operativos-de-fuerza-civil-defensa-y-guardia-nacional\/\"  title=\"Cae c\u00e9lula delictiva en Sabinas Hidalgo tras operativos de Fuerza Civil, Defensa y Guardia Nacional\">\t\t\t\t\t<img decoding=\"async\" src=\"https:\/\/elsemanariodenuevoleon.com.mx\/portal\/wp-content\/uploads\/2026\/09\/WhatsApp-Image-2026-09-03-at-9.52.36-AM-200x200.jpeg\" alt=\"Cae c\u00e9lula delictiva en Sabinas Hidalgo tras operativos de Fuerza Civil, Defensa y Guardia Nacional\" itemprop=\"image\" class=\"left\" \/>\n\t\t\t\t<\/a>\t\t<\/div>\n\t\t\t\t\t\t\t\t<div class=\"wp-show-posts-entry-summary\" itemprop=\"text\">\n\t\t\t\t\t\t\t<p>\ud83d\udcc5 3 de septiembre de 2026 En una acci\u00f3n coordinada entre la Divisi\u00f3n de Investigaci\u00f3n e Inteligencia de Fuerza Civil, la Secretar\u00eda de la Defensa Nacional (Defensa) y la Guardia&#8230;<\/p>\n\t\t\t\t\t\t<\/div><!-- .entry-summary -->\n\t\t\t\t\t<\/div><!-- wp-show-posts-inner --><\/article><div class=\"wpsp-clear\"><\/div><\/section><!-- .wp-show-posts -->Exhortan a el Gobierno del Estado para que proceda con acciones pertinentes ante las altas temperaturas y una inminente sequia.<\/p>\n<p>El Congreso del Estado aprob\u00f3 el envi\u00f3 de un exhorto al gobierno estatal por el cual solicitan que se convoque a reuni\u00f3n al Comit\u00e9 Estatal de Contingencias, esto en respuesta a las problem\u00e1ticas que se han presentado en los municipios del estado, en espec\u00edfico en los municipios del sur, que se dedican principalmente a la agricultura y la ganader\u00eda, actividades que se han visto afectadas por las altas temperaturas que se han presentado en el estado.<\/p>\n<p>La diputada Maribel Villal\u00f3n coment\u00f3 que el estado deber\u00e1 de proceder solicitando los recursos pertinentes del Fondo de Desastres Naturales (FONDEN) para que se proceda a distribuir estos recursos con el prop\u00f3sito de establecer los programas pertinentes que ayuden a la ciudadan\u00eda ante la inminente sequ\u00eda que afrontara el estado durante las pr\u00f3ximas semanas.<\/p>\n<p>Maribel Villal\u00f3n coment\u00f3 que este tema corresponde a una situaci\u00f3n delicada que no debe de verse politizada y se\u00f1al\u00f3 que el gobierno deber\u00e1 proceder repartiendo los recursos de manera equitativa.<\/p>\n<p style=\"text-align: left;\">\u201cNo se deber\u00e1n de privilegiar a ciertos municipios por ser amigos de alg\u00fan candidato o del gobierno, queremos que sea equitativo y que los 51 municipios se vean beneficiados, especialmente los municipios que se dedican a la agricultura y actividades agropecuarias\u201d<\/p>\n","protected":false},"excerpt":{"rendered":"<p>Exhortan a el Gobierno del Estado para que proceda con acciones pertinentes ante las altas temperaturas y una inminente sequia. El Congreso del Estado aprob\u00f3 el envi\u00f3 de un exhorto al gobierno estatal por el cual solicitan que se convoque a reuni\u00f3n al Comit\u00e9 Estatal de Contingencias, esto en respuesta a las problem\u00e1ticas que se [&hellip;]<\/p>\n","protected":false},"author":3,"featured_media":12190,"comment_status":"closed","ping_status":"closed","sticky":false,"template":"","format":"standard","meta":{"om_disable_all_campaigns":false,"_monsterinsights_skip_tracking":false,"_uf_show_specific_survey":0,"_uf_disable_surveys":false,"footnotes":""},"categories":[2,6],"tags":[],"class_list":["post-12186","post","type-post","status-publish","format-standard","has-post-thumbnail","hentry","category-locales","category-politics","has-thumb"],"_links":{"self":[{"href":"https:\/\/elsemanariodenuevoleon.com.mx\/portal\/wp-json\/wp\/v2\/posts\/12186","targetHints":{"allow":["GET"]}}],"collection":[{"href":"https:\/\/elsemanariodenuevoleon.com.mx\/portal\/wp-json\/wp\/v2\/posts"}],"about":[{"href":"https:\/\/elsemanariodenuevoleon.com.mx\/portal\/wp-json\/wp\/v2\/types\/post"}],"author":[{"embeddable":true,"href":"https:\/\/elsemanariodenuevoleon.com.mx\/portal\/wp-json\/wp\/v2\/users\/3"}],"replies":[{"embeddable":true,"href":"https:\/\/elsemanariodenuevoleon.com.mx\/portal\/wp-json\/wp\/v2\/comments?post=12186"}],"version-history":[{"count":3,"href":"https:\/\/elsemanariodenuevoleon.com.mx\/portal\/wp-json\/wp\/v2\/posts\/12186\/revisions"}],"predecessor-version":[{"id":12189,"href":"https:\/\/elsemanariodenuevoleon.com.mx\/portal\/wp-json\/wp\/v2\/posts\/12186\/revisions\/12189"}],"wp:featuredmedia":[{"embeddable":true,"href":"https:\/\/elsemanariodenuevoleon.com.mx\/portal\/wp-json\/wp\/v2\/media\/12190"}],"wp:attachment":[{"href":"https:\/\/elsemanariodenuevoleon.com.mx\/portal\/wp-json\/wp\/v2\/media?parent=12186"}],"wp:term":[{"taxonomy":"category","embeddable":true,"href":"https:\/\/elsemanariodenuevoleon.com.mx\/portal\/wp-json\/wp\/v2\/categories?post=12186"},{"taxonomy":"post_tag","embeddable":true,"href":"https:\/\/elsemanariodenuevoleon.com.mx\/portal\/wp-json\/wp\/v2\/tags?post=12186"}],"curies":[{"name":"wp","href":"https:\/\/api.w.org\/{rel}","templated":true}]}}