{"id":122699,"date":"2026-08-30T20:14:00","date_gmt":"2026-08-31T02:14:00","guid":{"rendered":"https:\/\/elsemanariodenuevoleon.com.mx\/portal\/?p=122699"},"modified":"2026-08-30T20:14:01","modified_gmt":"2026-08-31T02:14:01","slug":"procesan-a-hombre-por-feminicidio-ocurrido-en-juarez-nuevo-leon","status":"publish","type":"post","link":"https:\/\/elsemanariodenuevoleon.com.mx\/portal\/procesan-a-hombre-por-feminicidio-ocurrido-en-juarez-nuevo-leon\/","title":{"rendered":"Procesan a hombre por feminicidio ocurrido en Ju\u00e1rez, Nuevo Le\u00f3n"},"content":{"rendered":"\n<p class=\"wp-block-paragraph\">29 de agosto de 2026<\/p>\n\n\n\n<p class=\"wp-block-paragraph\">Un hombre identificado como Arnulfo \u201cN\u201d, de 36 a\u00f1os de edad, fue vinculado a proceso por el delito de feminicidio, tras ser se\u00f1alado por su presunta participaci\u00f3n en la muerte de una mujer de 25 a\u00f1os, ocurrida en julio pasado en el municipio de Ju\u00e1rez, Nuevo Le\u00f3n.<\/p>\n\n\n\n<p class=\"wp-block-paragraph\">De acuerdo con informaci\u00f3n de la Fiscal\u00eda Especializada en Feminicidios y Delitos Cometidos contra las Mujeres de Nuevo Le\u00f3n, la audiencia de imputaci\u00f3n se realiz\u00f3 el 29 de agosto, luego de que el acusado fuera detenido mediante una orden de aprehensi\u00f3n el pasado 23 de agosto en la colonia Urdiales, en Monterrey.<\/p>\n\n\n\n<p class=\"wp-block-paragraph\">Durante la audiencia, que se prolong\u00f3 por m\u00e1s de cinco horas, el Ministerio P\u00fablico present\u00f3 ante el juez la l\u00ednea temporal y la mec\u00e1nica de los hechos, adem\u00e1s de elementos periciales, evidencias obtenidas durante inspecciones de campo y testimonios recabados como parte de la investigaci\u00f3n.<\/p>\n\n\n\n<p class=\"wp-block-paragraph\">La Fiscal\u00eda se\u00f1al\u00f3 que los hechos ocurrieron el 10 de julio de 2026, cuando presuntamente Arnulfo \u201cN\u201d, acompa\u00f1ado por dos hombres, habr\u00eda sustra\u00eddo a la v\u00edctima de un domicilio ubicado en Guadalupe para posteriormente trasladarla en una camioneta hasta calles de la colonia Lomas del Sol, en Ju\u00e1rez.<\/p>\n\n\n\n<p class=\"wp-block-paragraph\">Seg\u00fan la investigaci\u00f3n, en ese sitio la mujer habr\u00eda sufrido diversas lesiones por quemaduras y posteriormente fue abandonada en la v\u00eda p\u00fablica. Personas que localizaron a la v\u00edctima dieron aviso a las autoridades, quienes encontraron que a\u00fan presentaba signos vitales y solicitaron su traslado a un hospital.<\/p>\n\n\n\n<p class=\"wp-block-paragraph\">Sin embargo, la mujer falleci\u00f3 posteriormente. La Fiscal\u00eda indic\u00f3 que un estudio pericial realizado por el Servicio M\u00e9dico Forense (SEMEFO) determin\u00f3 que la causa de muerte fueron las quemaduras.<\/p>\n\n\n\n<p class=\"wp-block-paragraph\">Durante la audiencia, la defensa expuso argumentos a favor del acusado, lo que gener\u00f3 un debate entre las partes. El Ministerio P\u00fablico respondi\u00f3 a los planteamientos con los elementos de prueba integrados durante la investigaci\u00f3n.<\/p>\n\n\n\n<p class=\"wp-block-paragraph\">Tras analizar los argumentos presentados, el juez consider\u00f3 acreditada la posible participaci\u00f3n del imputado en los hechos y dict\u00f3 auto de vinculaci\u00f3n a proceso por el delito de feminicidio.<\/p>\n\n\n\n<p class=\"wp-block-paragraph\">Como medida cautelar, se impuso a Arnulfo \u201cN\u201d prisi\u00f3n preventiva, por lo que permanecer\u00e1 internado en un Centro de Reinserci\u00f3n Social Estatal mientras contin\u00faa el proceso.<\/p>\n\n\n\n<p class=\"wp-block-paragraph\">El juez estableci\u00f3 adem\u00e1s un plazo de tres meses para el cierre de la investigaci\u00f3n complementaria.<\/p>\n\n\n\n<p class=\"wp-block-paragraph\">La Fiscal\u00eda precis\u00f3 que la investigaci\u00f3n contin\u00faa con el objetivo de esclarecer los hechos y determinar las responsabilidades correspondientes.<\/p>\n","protected":false},"excerpt":{"rendered":"<p>29 de agosto de 2026 Un hombre identificado como Arnulfo \u201cN\u201d, de 36 a\u00f1os de edad, fue vinculado a proceso por el delito de feminicidio, tras ser se\u00f1alado por su presunta participaci\u00f3n en la muerte de una mujer de 25 a\u00f1os, ocurrida en julio pasado en el municipio de Ju\u00e1rez, Nuevo Le\u00f3n. De acuerdo con [&hellip;]<\/p>\n","protected":false},"author":3,"featured_media":122700,"comment_status":"open","ping_status":"closed","sticky":false,"template":"","format":"link","meta":{"om_disable_all_campaigns":false,"_monsterinsights_skip_tracking":false,"_uf_show_specific_survey":0,"_uf_disable_surveys":false,"footnotes":""},"categories":[39],"tags":[],"class_list":["post-122699","post","type-post","status-publish","format-link","has-post-thumbnail","hentry","category-seguridad","post_format-post-format-link","has-thumb"],"_links":{"self":[{"href":"https:\/\/elsemanariodenuevoleon.com.mx\/portal\/wp-json\/wp\/v2\/posts\/122699","targetHints":{"allow":["GET"]}}],"collection":[{"href":"https:\/\/elsemanariodenuevoleon.com.mx\/portal\/wp-json\/wp\/v2\/posts"}],"about":[{"href":"https:\/\/elsemanariodenuevoleon.com.mx\/portal\/wp-json\/wp\/v2\/types\/post"}],"author":[{"embeddable":true,"href":"https:\/\/elsemanariodenuevoleon.com.mx\/portal\/wp-json\/wp\/v2\/users\/3"}],"replies":[{"embeddable":true,"href":"https:\/\/elsemanariodenuevoleon.com.mx\/portal\/wp-json\/wp\/v2\/comments?post=122699"}],"version-history":[{"count":1,"href":"https:\/\/elsemanariodenuevoleon.com.mx\/portal\/wp-json\/wp\/v2\/posts\/122699\/revisions"}],"predecessor-version":[{"id":122701,"href":"https:\/\/elsemanariodenuevoleon.com.mx\/portal\/wp-json\/wp\/v2\/posts\/122699\/revisions\/122701"}],"wp:featuredmedia":[{"embeddable":true,"href":"https:\/\/elsemanariodenuevoleon.com.mx\/portal\/wp-json\/wp\/v2\/media\/122700"}],"wp:attachment":[{"href":"https:\/\/elsemanariodenuevoleon.com.mx\/portal\/wp-json\/wp\/v2\/media?parent=122699"}],"wp:term":[{"taxonomy":"category","embeddable":true,"href":"https:\/\/elsemanariodenuevoleon.com.mx\/portal\/wp-json\/wp\/v2\/categories?post=122699"},{"taxonomy":"post_tag","embeddable":true,"href":"https:\/\/elsemanariodenuevoleon.com.mx\/portal\/wp-json\/wp\/v2\/tags?post=122699"}],"curies":[{"name":"wp","href":"https:\/\/api.w.org\/{rel}","templated":true}]}}