{"id":122702,"date":"2026-08-30T20:21:56","date_gmt":"2026-08-31T02:21:56","guid":{"rendered":"https:\/\/elsemanariodenuevoleon.com.mx\/portal\/?p=122702"},"modified":"2026-08-30T20:21:57","modified_gmt":"2026-08-31T02:21:57","slug":"oxxo-incorpora-mas-de-180-tiendas-de-colima-a-la-estrategia-puntos-violeta","status":"publish","type":"post","link":"https:\/\/elsemanariodenuevoleon.com.mx\/portal\/oxxo-incorpora-mas-de-180-tiendas-de-colima-a-la-estrategia-puntos-violeta\/","title":{"rendered":"OXXO incorpora m\u00e1s de 180 tiendas de Colima a la estrategia Puntos Violeta"},"content":{"rendered":"\n<p class=\"wp-block-paragraph\">30 de agosto de 2026<\/p>\n\n\n\n<p class=\"wp-block-paragraph\"><strong>Por Alfonso Guti\u00e9rrez<\/strong><\/p>\n\n\n\n<p class=\"wp-block-paragraph\">M\u00e1s de 180 tiendas OXXO ubicadas en distintos municipios de Colima se integraron a la estrategia Puntos Violeta, mediante un convenio de colaboraci\u00f3n firmado entre la empresa y el Gobierno del Estado, con el prop\u00f3sito de contribuir a la prevenci\u00f3n y atenci\u00f3n de situaciones de violencia contra mujeres, ni\u00f1as y adolescentes.<\/p>\n\n\n\n<p class=\"wp-block-paragraph\">La incorporaci\u00f3n permitir\u00e1 aprovechar la presencia de las tiendas OXXO en diferentes comunidades de la entidad para ofrecer espacios cercanos de orientaci\u00f3n, resguardo y canalizaci\u00f3n a personas que se encuentren en una situaci\u00f3n de riesgo.<\/p>\n\n\n\n<p class=\"wp-block-paragraph\">El acuerdo fue presentado con la participaci\u00f3n de la Mtra. Indira Vizca\u00edno Silva, Gobernadora Constitucional del Estado de Colima; del Lic. Alberto Eloy Garc\u00eda Alcaraz, Secretario General de Gobierno, as\u00ed como de representantes de instituciones estatales y municipales involucradas en las acciones de prevenci\u00f3n y atenci\u00f3n de la violencia contra las mujeres.<\/p>\n\n\n\n<p class=\"wp-block-paragraph\">Elena G\u00e1mez, Gerente Regional de Operaciones de OXXO M\u00e9xico, destac\u00f3 que la participaci\u00f3n de la empresa busca ampliar el acceso a espacios donde las mujeres puedan encontrar apoyo ante una situaci\u00f3n de riesgo.<\/p>\n\n\n\n<p class=\"wp-block-paragraph\">\u201cLa incorporaci\u00f3n de OXXO a la estrategia Puntos Violeta representa una oportunidad para acercar espacios de orientaci\u00f3n, protecci\u00f3n y canalizaci\u00f3n a m\u00e1s mujeres en todo el estado\u201d, coment\u00f3.<\/p>\n\n\n\n<p class=\"wp-block-paragraph\">La representante de OXXO agreg\u00f3 que la colaboraci\u00f3n con las autoridades permite sumar capacidades para contribuir a la construcci\u00f3n de comunidades m\u00e1s seguras y solidarias.<\/p>\n\n\n\n<p class=\"wp-block-paragraph\">Por su parte, las autoridades estatales reconocieron la incorporaci\u00f3n del sector privado a esta estrategia y se\u00f1alaron que la presencia de las tiendas en diferentes municipios puede contribuir a acercar las acciones de prevenci\u00f3n y atenci\u00f3n a un mayor n\u00famero de mujeres y comunidades.<\/p>\n\n\n\n<p class=\"wp-block-paragraph\">Como parte de esta iniciativa se encuentra el programa OXXOs Seguros, mediante el cual las tiendas funcionan como puntos de resguardo y canalizaci\u00f3n ante situaciones de riesgo que involucren a mujeres, ni\u00f1as y adolescentes.<\/p>\n\n\n\n<p class=\"wp-block-paragraph\">Para ello, el personal recibe capacitaci\u00f3n orientada a brindar una atenci\u00f3n inicial y activar los protocolos correspondientes con las autoridades. La implementaci\u00f3n del programa se adapta a las necesidades y caracter\u00edsticas de cada comunidad.<\/p>\n\n\n\n<p class=\"wp-block-paragraph\">FEMSA, grupo al que pertenece OXXO, se\u00f1al\u00f3 que su operaci\u00f3n busca generar valor econ\u00f3mico y social y mantener una relaci\u00f3n cercana con las comunidades donde tiene presencia.<\/p>\n\n\n\n<p class=\"wp-block-paragraph\">La compa\u00f1\u00eda participa en la industria del comercio al detalle a trav\u00e9s de la Divisi\u00f3n Proximidad Am\u00e9ricas, que incluye a OXXO y otros formatos minoristas, as\u00ed como de Proximidad Europa, donde se encuentra Valora, su unidad de retail europea especializada en tiendas de conveniencia y foodvenience.<\/p>\n\n\n\n<p class=\"wp-block-paragraph\">Adem\u00e1s, FEMSA participa en el comercio al detalle mediante la Divisi\u00f3n Salud, que incluye farmacias y actividades relacionadas, y en servicios financieros digitales a trav\u00e9s de Spin by OXXO y Spin Premia.<\/p>\n\n\n\n<p class=\"wp-block-paragraph\">En la industria de bebidas, la empresa opera Coca-Cola FEMSA, considerada el embotellador de productos Coca-Cola m\u00e1s grande del mundo por volumen de ventas.<\/p>\n\n\n\n<p class=\"wp-block-paragraph\">Actualmente, sus Unidades de Negocio emplean a m\u00e1s de 392 mil colaboradores en 18 pa\u00edses.<\/p>\n","protected":false},"excerpt":{"rendered":"<p>30 de agosto de 2026 Por Alfonso Guti\u00e9rrez M\u00e1s de 180 tiendas OXXO ubicadas en distintos municipios de Colima se integraron a la estrategia Puntos Violeta, mediante un convenio de colaboraci\u00f3n firmado entre la empresa y el Gobierno del Estado, con el prop\u00f3sito de contribuir a la prevenci\u00f3n y atenci\u00f3n de situaciones de violencia contra [&hellip;]<\/p>\n","protected":false},"author":3,"featured_media":122703,"comment_status":"open","ping_status":"closed","sticky":false,"template":"","format":"link","meta":{"om_disable_all_campaigns":false,"_monsterinsights_skip_tracking":false,"_uf_show_specific_survey":0,"_uf_disable_surveys":false,"footnotes":""},"categories":[3],"tags":[],"class_list":["post-122702","post","type-post","status-publish","format-link","has-post-thumbnail","hentry","category-culture","post_format-post-format-link","has-thumb"],"_links":{"self":[{"href":"https:\/\/elsemanariodenuevoleon.com.mx\/portal\/wp-json\/wp\/v2\/posts\/122702","targetHints":{"allow":["GET"]}}],"collection":[{"href":"https:\/\/elsemanariodenuevoleon.com.mx\/portal\/wp-json\/wp\/v2\/posts"}],"about":[{"href":"https:\/\/elsemanariodenuevoleon.com.mx\/portal\/wp-json\/wp\/v2\/types\/post"}],"author":[{"embeddable":true,"href":"https:\/\/elsemanariodenuevoleon.com.mx\/portal\/wp-json\/wp\/v2\/users\/3"}],"replies":[{"embeddable":true,"href":"https:\/\/elsemanariodenuevoleon.com.mx\/portal\/wp-json\/wp\/v2\/comments?post=122702"}],"version-history":[{"count":1,"href":"https:\/\/elsemanariodenuevoleon.com.mx\/portal\/wp-json\/wp\/v2\/posts\/122702\/revisions"}],"predecessor-version":[{"id":122704,"href":"https:\/\/elsemanariodenuevoleon.com.mx\/portal\/wp-json\/wp\/v2\/posts\/122702\/revisions\/122704"}],"wp:featuredmedia":[{"embeddable":true,"href":"https:\/\/elsemanariodenuevoleon.com.mx\/portal\/wp-json\/wp\/v2\/media\/122703"}],"wp:attachment":[{"href":"https:\/\/elsemanariodenuevoleon.com.mx\/portal\/wp-json\/wp\/v2\/media?parent=122702"}],"wp:term":[{"taxonomy":"category","embeddable":true,"href":"https:\/\/elsemanariodenuevoleon.com.mx\/portal\/wp-json\/wp\/v2\/categories?post=122702"},{"taxonomy":"post_tag","embeddable":true,"href":"https:\/\/elsemanariodenuevoleon.com.mx\/portal\/wp-json\/wp\/v2\/tags?post=122702"}],"curies":[{"name":"wp","href":"https:\/\/api.w.org\/{rel}","templated":true}]}}