{"id":122710,"date":"2026-08-31T11:04:38","date_gmt":"2026-08-31T17:04:38","guid":{"rendered":"https:\/\/elsemanariodenuevoleon.com.mx\/portal\/?p=122710"},"modified":"2026-08-31T11:04:39","modified_gmt":"2026-08-31T17:04:39","slug":"da-guadalupe-bienvenida-al-ciclo-escolar-2026-2027-con-entrega-de-utiles-y-apoyos","status":"publish","type":"post","link":"https:\/\/elsemanariodenuevoleon.com.mx\/portal\/da-guadalupe-bienvenida-al-ciclo-escolar-2026-2027-con-entrega-de-utiles-y-apoyos\/","title":{"rendered":"Da Guadalupe bienvenida al Ciclo Escolar 2026-2027 con entrega de \u00fatiles y apoyos"},"content":{"rendered":"\n<p class=\"wp-block-paragraph\">\ud83d\udcc5 31 de agosto de 2026<\/p>\n\n\n\n<p class=\"wp-block-paragraph\">Con el compromiso de acompa\u00f1ar a la comunidad escolar y garantizar un entorno seguro en las aulas, el Municipio de Guadalupe dio el banderazo inicial al Ciclo Escolar 2026-2027. El evento oficial de apertura estuvo encabezado por el Alcalde H\u00e9ctor Garc\u00eda en las instalaciones de la Escuela Secundaria No. 18 \u201cCincuentenario de la Expropiaci\u00f3n Petrolera\u201d.<\/p>\n\n\n\n<h2 class=\"wp-block-heading\"><strong>Destacan importancia de espacios adecuados y coordinaci\u00f3n institucional<\/strong><\/h2>\n\n\n\n<p class=\"wp-block-paragraph\">Durante la ceremonia de inicio de clases, el mun\u00edcipe enfatiz\u00f3 la relevancia de ofrecer a ni\u00f1as, ni\u00f1os y adolescentes instalaciones \u00f3ptimas para su desarrollo acad\u00e9mico. Garc\u00eda se\u00f1al\u00f3 que la administraci\u00f3n municipal mantendr\u00e1 una vinculaci\u00f3n permanente con directivos, docentes y padres de familia para respaldar la formaci\u00f3n de la juventud guadalupense.<\/p>\n\n\n\n<h3 class=\"wp-block-heading\"><strong>Entregan m\u00e1s de 500 mochilas y \u00fatiles para apoyar la econom\u00eda familiar<\/strong><\/h3>\n\n\n\n<p class=\"wp-block-paragraph\">Como parte de los apoyos directos a la poblaci\u00f3n estudiantil en este regreso a las aulas, el Gobierno Municipal realiz\u00f3 la entrega de paquetes escolares b\u00e1sicos. La medida busca aligerar la carga econ\u00f3mica de los hogares durante el arranque del periodo lectivo.<\/p>\n\n\n\n<p class=\"wp-block-paragraph\">\u201cHoy quisimos colaborar un poco como Municipio y trajimos 520 mochilas con sus \u00fatiles escolares para que al menos sus pap\u00e1s tengan un gasto menos. Les quiero desear a todas y todos mucho \u00e9xito, que sea el mejor ciclo escolar en esta gran escuela que tiene historia\u201d, extern\u00f3 el Alcalde H\u00e9ctor Garc\u00eda.<\/p>\n\n\n\n<h2 class=\"wp-block-heading\"><strong>Reconocen modelo inclusivo en la Secundaria No. 18<\/strong><\/h2>\n\n\n\n<p class=\"wp-block-paragraph\">El edil felicit\u00f3 a la plantilla docente y directiva de la Secundaria No. 18 por consolidar un plantel inclusivo que brinda oportunidades de integraci\u00f3n a estudiantes con capacidades diferentes. Destac\u00f3 que estas acciones permiten a los alumnos aprender, convivir y desarrollar su potencial en un ambiente de equidad.<\/p>\n\n\n\n<h3 class=\"wp-block-heading\"><strong>Recorren instalaciones junto a directivos del plantel<\/strong><\/h3>\n\n\n\n<p class=\"wp-block-paragraph\">Tras finalizar el acto protocolario y la entrega de los apoyos, el presidente municipal realiz\u00f3 un recorrido por el inmueble en compa\u00f1\u00eda del Director del plantel, Leobardo Elizondo. Durante el trayecto, el directivo escolar reconoci\u00f3 las labores de mantenimiento y colaboraci\u00f3n constante que lleva a cabo la autoridad municipal en las escuelas p\u00fablicas de la localidad.<\/p>\n\n\n\n<figure class=\"wp-block-gallery has-nested-images columns-default is-cropped wp-block-gallery-1 is-layout-flex wp-block-gallery-is-layout-flex\">\n<figure class=\"wp-block-image size-full\"><img loading=\"lazy\" decoding=\"async\" width=\"700\" height=\"466\" data-id=\"122712\" src=\"https:\/\/elsemanariodenuevoleon.com.mx\/portal\/wp-content\/uploads\/2026\/08\/WhatsApp-Image-2026-08-31-at-10.08.03-AM.jpeg\" alt=\"\" class=\"wp-image-122712\" srcset=\"https:\/\/elsemanariodenuevoleon.com.mx\/portal\/wp-content\/uploads\/2026\/08\/WhatsApp-Image-2026-08-31-at-10.08.03-AM.jpeg 700w, https:\/\/elsemanariodenuevoleon.com.mx\/portal\/wp-content\/uploads\/2026\/08\/WhatsApp-Image-2026-08-31-at-10.08.03-AM-300x200.jpeg 300w\" sizes=\"auto, (max-width: 700px) 100vw, 700px\" \/><\/figure>\n\n\n\n<figure class=\"wp-block-image size-full\"><img loading=\"lazy\" decoding=\"async\" width=\"700\" height=\"466\" data-id=\"122713\" src=\"https:\/\/elsemanariodenuevoleon.com.mx\/portal\/wp-content\/uploads\/2026\/08\/WhatsApp-Image-2026-08-31-at-10.08.03-AM-1.jpeg\" alt=\"\" class=\"wp-image-122713\" srcset=\"https:\/\/elsemanariodenuevoleon.com.mx\/portal\/wp-content\/uploads\/2026\/08\/WhatsApp-Image-2026-08-31-at-10.08.03-AM-1.jpeg 700w, https:\/\/elsemanariodenuevoleon.com.mx\/portal\/wp-content\/uploads\/2026\/08\/WhatsApp-Image-2026-08-31-at-10.08.03-AM-1-300x200.jpeg 300w\" sizes=\"auto, (max-width: 700px) 100vw, 700px\" \/><\/figure>\n\n\n\n<figure class=\"wp-block-image size-full\"><img loading=\"lazy\" decoding=\"async\" width=\"700\" height=\"466\" data-id=\"122714\" src=\"https:\/\/elsemanariodenuevoleon.com.mx\/portal\/wp-content\/uploads\/2026\/08\/WhatsApp-Image-2026-08-31-at-10.08.03-AM-2.jpeg\" alt=\"\" class=\"wp-image-122714\" srcset=\"https:\/\/elsemanariodenuevoleon.com.mx\/portal\/wp-content\/uploads\/2026\/08\/WhatsApp-Image-2026-08-31-at-10.08.03-AM-2.jpeg 700w, https:\/\/elsemanariodenuevoleon.com.mx\/portal\/wp-content\/uploads\/2026\/08\/WhatsApp-Image-2026-08-31-at-10.08.03-AM-2-300x200.jpeg 300w\" sizes=\"auto, (max-width: 700px) 100vw, 700px\" \/><\/figure>\n<\/figure>\n","protected":false},"excerpt":{"rendered":"<p>\ud83d\udcc5 31 de agosto de 2026 Con el compromiso de acompa\u00f1ar a la comunidad escolar y garantizar un entorno seguro en las aulas, el Municipio de Guadalupe dio el banderazo inicial al Ciclo Escolar 2026-2027. El evento oficial de apertura estuvo encabezado por el Alcalde H\u00e9ctor Garc\u00eda en las instalaciones de la Escuela Secundaria No. [&hellip;]<\/p>\n","protected":false},"author":3,"featured_media":122711,"comment_status":"open","ping_status":"closed","sticky":false,"template":"","format":"link","meta":{"om_disable_all_campaigns":false,"_monsterinsights_skip_tracking":false,"_uf_show_specific_survey":0,"_uf_disable_surveys":false,"footnotes":""},"categories":[2,4],"tags":[100,243],"class_list":["post-122710","post","type-post","status-publish","format-link","has-post-thumbnail","hentry","category-locales","category-portada","tag-guadalupe","tag-noticias","post_format-post-format-link","has-thumb"],"_links":{"self":[{"href":"https:\/\/elsemanariodenuevoleon.com.mx\/portal\/wp-json\/wp\/v2\/posts\/122710","targetHints":{"allow":["GET"]}}],"collection":[{"href":"https:\/\/elsemanariodenuevoleon.com.mx\/portal\/wp-json\/wp\/v2\/posts"}],"about":[{"href":"https:\/\/elsemanariodenuevoleon.com.mx\/portal\/wp-json\/wp\/v2\/types\/post"}],"author":[{"embeddable":true,"href":"https:\/\/elsemanariodenuevoleon.com.mx\/portal\/wp-json\/wp\/v2\/users\/3"}],"replies":[{"embeddable":true,"href":"https:\/\/elsemanariodenuevoleon.com.mx\/portal\/wp-json\/wp\/v2\/comments?post=122710"}],"version-history":[{"count":1,"href":"https:\/\/elsemanariodenuevoleon.com.mx\/portal\/wp-json\/wp\/v2\/posts\/122710\/revisions"}],"predecessor-version":[{"id":122715,"href":"https:\/\/elsemanariodenuevoleon.com.mx\/portal\/wp-json\/wp\/v2\/posts\/122710\/revisions\/122715"}],"wp:featuredmedia":[{"embeddable":true,"href":"https:\/\/elsemanariodenuevoleon.com.mx\/portal\/wp-json\/wp\/v2\/media\/122711"}],"wp:attachment":[{"href":"https:\/\/elsemanariodenuevoleon.com.mx\/portal\/wp-json\/wp\/v2\/media?parent=122710"}],"wp:term":[{"taxonomy":"category","embeddable":true,"href":"https:\/\/elsemanariodenuevoleon.com.mx\/portal\/wp-json\/wp\/v2\/categories?post=122710"},{"taxonomy":"post_tag","embeddable":true,"href":"https:\/\/elsemanariodenuevoleon.com.mx\/portal\/wp-json\/wp\/v2\/tags?post=122710"}],"curies":[{"name":"wp","href":"https:\/\/api.w.org\/{rel}","templated":true}]}}