{"id":122716,"date":"2026-08-28T11:10:23","date_gmt":"2026-08-28T17:10:23","guid":{"rendered":"https:\/\/elsemanariodenuevoleon.com.mx\/portal\/?p=122716"},"modified":"2026-08-31T11:20:18","modified_gmt":"2026-08-31T17:20:18","slug":"tigres-cemex-y-uanl-dan-beca-a-estudiantes-de-excelencia-en-el-volcan","status":"publish","type":"post","link":"https:\/\/elsemanariodenuevoleon.com.mx\/portal\/tigres-cemex-y-uanl-dan-beca-a-estudiantes-de-excelencia-en-el-volcan\/","title":{"rendered":"Tigres, Cemex y UANL dan beca a estudiantes de excelencia en el Volc\u00e1n"},"content":{"rendered":"\n<p class=\"wp-block-paragraph\">\ud83d\udcc5 28 de agosto de 2026<\/p>\n\n\n\n<p class=\"wp-block-paragraph\">En una jornada emotiva dentro del Estadio Universitario, 10 estudiantes de alto rendimiento acad\u00e9mico de la Universidad Aut\u00f3noma de Nuevo Le\u00f3n (UANL) recibieron de manera sorpresiva la Beca Mejoramiento de Vivienda Tigres 2026. La entrega del apoyo fue coordinada de manera conjunta entre la Fundaci\u00f3n UANL, la Fundaci\u00f3n Tigres y la empresa Cemex para beneficiar a j\u00f3venes en situaci\u00f3n de vulnerabilidad en sus hogares.<\/p>\n\n\n\n<h2 class=\"wp-block-heading\"><strong>Sorprenden a estudiantes en las pantallas del &#8220;Volc\u00e1n&#8221; durante partido ante Atlante<\/strong><\/h2>\n\n\n\n<p class=\"wp-block-paragraph\">Los galardonados fueron invitados al estadio para presenciar el encuentro futbol\u00edstico entre Tigres y Atlante. Previo al silbatazo inicial, los alumnos fueron conducidos a la cancha, donde observaron en las pantallas gigantes un video institucional que les anunci\u00f3 que hab\u00edan sido seleccionados como los beneficiarios del programa en su edici\u00f3n 2026.<\/p>\n\n\n\n<h3 class=\"wp-block-heading\"><strong>Proceso de selecci\u00f3n riguroso prioriza desempe\u00f1o acad\u00e9mico y necesidades del hogar<\/strong><\/h3>\n\n\n\n<p class=\"wp-block-paragraph\">La beca, creada en 2014, est\u00e1 dirigida a alumnos en activo de la UANL que registran un desempe\u00f1o acad\u00e9mico sobresaliente y acreditan deficiencias de infraestructura en sus inmuebles. Los ganadores fueron elegidos tras un proceso de evaluaci\u00f3n que incluy\u00f3 entrevistas personalizadas y visitas domiciliarias de verificaci\u00f3n por parte de los comit\u00e9s organizadores.<\/p>\n\n\n\n<h2 class=\"wp-block-heading\"><strong>Cemex reafirma su compromiso social en su 120 aniversario<\/strong><\/h2>\n\n\n\n<p class=\"wp-block-paragraph\">Las mejoras que se ejecutar\u00e1n en las pr\u00f3ximas semanas en las viviendas de los alumnos buscan impactar de forma directa en su calidad de vida, salud, estabilidad emocional e integraci\u00f3n familiar. En el marco de los 120 a\u00f1os de fundaci\u00f3n de Cemex, la compa\u00f1\u00eda destac\u00f3 la importancia del trabajo conjunto para fortalecer el entorno de las juventudes universitarias.<\/p>\n\n\n\n<p class=\"wp-block-paragraph\">\u201cEstas iniciativas generan un impacto que va m\u00e1s all\u00e1 del mejoramiento de una vivienda. Al contribuir a que las y los j\u00f3venes cuenten con espacios m\u00e1s adecuados para vivir y estudiar, tambi\u00e9n favorecemos su bienestar y el de sus familias. Junto con nuestros aliados, buscamos seguir impulsando acciones que contribuyan a mejorar las condiciones de vida de las personas y a generar un impacto positivo en sus comunidades\u201d, manifest\u00f3 Carlos Garza Gal\u00e1n, Vicepresidente de Asuntos Corporativos, Sostenibilidad y Comunicaci\u00f3n de Cemex M\u00e9xico.<\/p>\n\n\n\n<h3 class=\"wp-block-heading\"><strong>Ovaci\u00f3n de la afici\u00f3n tras anuncio en el terreno de juego<\/strong><\/h3>\n\n\n\n<p class=\"wp-block-paragraph\">Tras la proyecci\u00f3n del video en las pantallas de la cancha, los 10 j\u00f3venes recibieron la ovaci\u00f3n de los aficionados presentes en el inmueble deportivo. Las obras de rehabilitaci\u00f3n f\u00edsica en los hogares de los estudiantes comenzar\u00e1n de manera inmediata bajo la supervisi\u00f3n de la alianza tripartita.<\/p>\n","protected":false},"excerpt":{"rendered":"<p>\ud83d\udcc5 28 de agosto de 2026 En una jornada emotiva dentro del Estadio Universitario, 10 estudiantes de alto rendimiento acad\u00e9mico de la Universidad Aut\u00f3noma de Nuevo Le\u00f3n (UANL) recibieron de manera sorpresiva la Beca Mejoramiento de Vivienda Tigres 2026. La entrega del apoyo fue coordinada de manera conjunta entre la Fundaci\u00f3n UANL, la Fundaci\u00f3n Tigres [&hellip;]<\/p>\n","protected":false},"author":3,"featured_media":122717,"comment_status":"open","ping_status":"closed","sticky":false,"template":"","format":"link","meta":{"om_disable_all_campaigns":false,"_monsterinsights_skip_tracking":false,"_uf_show_specific_survey":0,"_uf_disable_surveys":false,"footnotes":""},"categories":[44,4],"tags":[],"class_list":["post-122716","post","type-post","status-publish","format-link","has-post-thumbnail","hentry","category-cultural","category-portada","post_format-post-format-link","has-thumb"],"_links":{"self":[{"href":"https:\/\/elsemanariodenuevoleon.com.mx\/portal\/wp-json\/wp\/v2\/posts\/122716","targetHints":{"allow":["GET"]}}],"collection":[{"href":"https:\/\/elsemanariodenuevoleon.com.mx\/portal\/wp-json\/wp\/v2\/posts"}],"about":[{"href":"https:\/\/elsemanariodenuevoleon.com.mx\/portal\/wp-json\/wp\/v2\/types\/post"}],"author":[{"embeddable":true,"href":"https:\/\/elsemanariodenuevoleon.com.mx\/portal\/wp-json\/wp\/v2\/users\/3"}],"replies":[{"embeddable":true,"href":"https:\/\/elsemanariodenuevoleon.com.mx\/portal\/wp-json\/wp\/v2\/comments?post=122716"}],"version-history":[{"count":1,"href":"https:\/\/elsemanariodenuevoleon.com.mx\/portal\/wp-json\/wp\/v2\/posts\/122716\/revisions"}],"predecessor-version":[{"id":122718,"href":"https:\/\/elsemanariodenuevoleon.com.mx\/portal\/wp-json\/wp\/v2\/posts\/122716\/revisions\/122718"}],"wp:featuredmedia":[{"embeddable":true,"href":"https:\/\/elsemanariodenuevoleon.com.mx\/portal\/wp-json\/wp\/v2\/media\/122717"}],"wp:attachment":[{"href":"https:\/\/elsemanariodenuevoleon.com.mx\/portal\/wp-json\/wp\/v2\/media?parent=122716"}],"wp:term":[{"taxonomy":"category","embeddable":true,"href":"https:\/\/elsemanariodenuevoleon.com.mx\/portal\/wp-json\/wp\/v2\/categories?post=122716"},{"taxonomy":"post_tag","embeddable":true,"href":"https:\/\/elsemanariodenuevoleon.com.mx\/portal\/wp-json\/wp\/v2\/tags?post=122716"}],"curies":[{"name":"wp","href":"https:\/\/api.w.org\/{rel}","templated":true}]}}