{"id":122719,"date":"2026-08-29T11:17:46","date_gmt":"2026-08-29T17:17:46","guid":{"rendered":"https:\/\/elsemanariodenuevoleon.com.mx\/portal\/?p=122719"},"modified":"2026-08-31T11:20:29","modified_gmt":"2026-08-31T17:20:29","slug":"dictan-prision-preventiva-a-arnulfo-n-por-feminicidio-cometido-en-juarez","status":"publish","type":"post","link":"https:\/\/elsemanariodenuevoleon.com.mx\/portal\/dictan-prision-preventiva-a-arnulfo-n-por-feminicidio-cometido-en-juarez\/","title":{"rendered":"Dictan prisi\u00f3n preventiva a Arnulfo &#8220;N&#8221; por feminicidio cometido en Ju\u00e1rez"},"content":{"rendered":"\n<p class=\"wp-block-paragraph\"><strong> \ud83d\udcc5 29 de agosto de 2026<\/strong><\/p>\n\n\n\n<p class=\"wp-block-paragraph\">La Fiscal\u00eda Especializada en Feminicidios y Delitos Cometidos contra las Mujeres logr\u00f3 la vinculaci\u00f3n a proceso en contra de Arnulfo &#8220;N&#8221;, de 36 a\u00f1os de edad, por su presunta responsabilidad en el feminicidio de una joven de 25 a\u00f1os de edad, identificada con las iniciales P.Y.A., en hechos ocurridos el pasado mes de julio en el municipio de Ju\u00e1rez. Tras el desarrollo de la audiencia de imputaci\u00f3n por una orden de aprehensi\u00f3n cumplimentada, un Juez de Control determin\u00f3 que exist\u00edan elementos suficientes presentados por la representaci\u00f3n social para procesar al imputado.<\/p>\n\n\n\n<h2 class=\"wp-block-heading\"><strong>Detenido en Monterrey tras orden de aprehensi\u00f3n emitida por la Fiscal\u00eda<\/strong><\/h2>\n\n\n\n<p class=\"wp-block-paragraph\">El antecedente de la captura se remonta al pasado 23 de agosto de 2026, cuando detectives de la Agencia Estatal de Investigaciones (AEI), adscritos a la Subdirecci\u00f3n de Investigaci\u00f3n de Homicidios, ejecutaron el mandato judicial en la colonia Urdiales, en el municipio de Monterrey. La detenci\u00f3n se deriv\u00f3 del trabajo de investigaci\u00f3n ministerial orientada a esclarecer la muerte violenta de la v\u00edctima.<\/p>\n\n\n\n<h3 class=\"wp-block-heading\"><strong>Mec\u00e1nica de hechos: agresi\u00f3n con fuego y abandono en la v\u00eda p\u00fablica<\/strong><\/h3>\n\n\n\n<p class=\"wp-block-paragraph\">De acuerdo con la indagatoria integrada por la Unidad de Investigaci\u00f3n y Litigaci\u00f3n Estatal Especializada en Feminicidios (UILEST-FEM) y la AEI, los hechos se registraron el 10 de julio de 2026. El imputado, en compa\u00f1\u00eda de otros dos sujetos, presuntamente priv\u00f3 de la libertad a la mujer en un inmueble ubicado en el municipio de Guadalupe para posteriormente trasladarla a bordo de una camioneta hasta la colonia Lomas del Sol, en Ju\u00e1rez.<\/p>\n\n\n\n<p class=\"wp-block-paragraph\">En dicho punto, los agresores le infligieron lesiones infamantes por quemaduras en distintas partes del cuerpo y abandonaron a la v\u00edctima en la v\u00eda p\u00fablica antes de darse a la fuga. Vecinos del sector reportaron el hallazgo a las autoridades, por lo que cuerpos de auxilio la trasladaron con vida a un nosocomio local, donde minutos despu\u00e9s se confirm\u00f3 su fallecimiento a causa de las lesiones, seg\u00fan el dictamen m\u00e9dico del Servicio M\u00e9dico Forense (SEMEFO).<\/p>\n\n\n\n<h2 class=\"wp-block-heading\"><strong>Dictan prisi\u00f3n preventiva tras m\u00e1s de cinco horas de debate en audiencia<\/strong><\/h2>\n\n\n\n<p class=\"wp-block-paragraph\">Durante la audiencia celebrada el pasado 29 de agosto, el Agente del Ministerio P\u00fablico Investigador expuso la l\u00ednea del tiempo, las pruebas periciales cient\u00edficas y las evidencias recabadas mediante inspecciones de campo y entrevistas practicadas con perspectiva de g\u00e9nero. A pesar de las argumentaciones presentadas por la defensa del investigado, la representaci\u00f3n social desestim\u00f3 los se\u00f1alamientos al no aportar la contraparte elementos de descargo.<\/p>\n\n\n\n<h3 class=\"wp-block-heading\"><strong>Permanecer\u00e1 internado en un penal estatal durante el proceso penal<\/strong><\/h3>\n\n\n\n<p class=\"wp-block-paragraph\">Tras una audiencia que se prolong\u00f3 por m\u00e1s de cinco horas, el Juez de Control consider\u00f3 acreditada la probable participaci\u00f3n de Arnulfo &#8220;N&#8221; y le dict\u00f3 Auto de Vinculaci\u00f3n a Proceso por el delito de feminicidio. Como medida cautelar, la autoridad judicial impuso la prisi\u00f3n preventiva en un Centro de Reinserci\u00f3n Social Estatal y fij\u00f3 un plazo de tres meses para el cierre de la investigaci\u00f3n complementaria.<\/p>\n","protected":false},"excerpt":{"rendered":"<p>\ud83d\udcc5 29 de agosto de 2026 La Fiscal\u00eda Especializada en Feminicidios y Delitos Cometidos contra las Mujeres logr\u00f3 la vinculaci\u00f3n a proceso en contra de Arnulfo &#8220;N&#8221;, de 36 a\u00f1os de edad, por su presunta responsabilidad en el feminicidio de una joven de 25 a\u00f1os de edad, identificada con las iniciales P.Y.A., en hechos ocurridos [&hellip;]<\/p>\n","protected":false},"author":3,"featured_media":122720,"comment_status":"open","ping_status":"closed","sticky":false,"template":"","format":"link","meta":{"om_disable_all_campaigns":false,"_monsterinsights_skip_tracking":false,"_uf_show_specific_survey":0,"_uf_disable_surveys":false,"footnotes":""},"categories":[4,39],"tags":[243],"class_list":["post-122719","post","type-post","status-publish","format-link","has-post-thumbnail","hentry","category-portada","category-seguridad","tag-noticias","post_format-post-format-link","has-thumb"],"_links":{"self":[{"href":"https:\/\/elsemanariodenuevoleon.com.mx\/portal\/wp-json\/wp\/v2\/posts\/122719","targetHints":{"allow":["GET"]}}],"collection":[{"href":"https:\/\/elsemanariodenuevoleon.com.mx\/portal\/wp-json\/wp\/v2\/posts"}],"about":[{"href":"https:\/\/elsemanariodenuevoleon.com.mx\/portal\/wp-json\/wp\/v2\/types\/post"}],"author":[{"embeddable":true,"href":"https:\/\/elsemanariodenuevoleon.com.mx\/portal\/wp-json\/wp\/v2\/users\/3"}],"replies":[{"embeddable":true,"href":"https:\/\/elsemanariodenuevoleon.com.mx\/portal\/wp-json\/wp\/v2\/comments?post=122719"}],"version-history":[{"count":1,"href":"https:\/\/elsemanariodenuevoleon.com.mx\/portal\/wp-json\/wp\/v2\/posts\/122719\/revisions"}],"predecessor-version":[{"id":122721,"href":"https:\/\/elsemanariodenuevoleon.com.mx\/portal\/wp-json\/wp\/v2\/posts\/122719\/revisions\/122721"}],"wp:featuredmedia":[{"embeddable":true,"href":"https:\/\/elsemanariodenuevoleon.com.mx\/portal\/wp-json\/wp\/v2\/media\/122720"}],"wp:attachment":[{"href":"https:\/\/elsemanariodenuevoleon.com.mx\/portal\/wp-json\/wp\/v2\/media?parent=122719"}],"wp:term":[{"taxonomy":"category","embeddable":true,"href":"https:\/\/elsemanariodenuevoleon.com.mx\/portal\/wp-json\/wp\/v2\/categories?post=122719"},{"taxonomy":"post_tag","embeddable":true,"href":"https:\/\/elsemanariodenuevoleon.com.mx\/portal\/wp-json\/wp\/v2\/tags?post=122719"}],"curies":[{"name":"wp","href":"https:\/\/api.w.org\/{rel}","templated":true}]}}