{"id":122733,"date":"2026-08-31T15:38:03","date_gmt":"2026-08-31T21:38:03","guid":{"rendered":"https:\/\/elsemanariodenuevoleon.com.mx\/portal\/?p=122733"},"modified":"2026-08-31T15:38:04","modified_gmt":"2026-08-31T21:38:04","slug":"pide-diputado-javier-caballero-a-la-cfe-renovar-red-electrica-en-santiago-nuevo-leon","status":"publish","type":"post","link":"https:\/\/elsemanariodenuevoleon.com.mx\/portal\/pide-diputado-javier-caballero-a-la-cfe-renovar-red-electrica-en-santiago-nuevo-leon\/","title":{"rendered":"Pide diputado Javier Caballero a la CFE renovar red el\u00e9ctrica en Santiago, Nuevo Le\u00f3n"},"content":{"rendered":"\n<p class=\"wp-block-paragraph\">\ud83d\udcc5 31 de agosto de 2026<\/p>\n\n\n\n<p class=\"wp-block-paragraph\">Ante las recurrentes fallas e interrupciones en el suministro de energ\u00eda el\u00e9ctrica en el municipio de Santiago, el diputado local del PRI, Javier Caballero Gaona, present\u00f3 un exhorto dirigido a la Comisi\u00f3n Federal de Electricidad (CFE) para exigir la regularizaci\u00f3n del servicio. El legislador por el Distrito 24 solicit\u00f3 a la empresa paraestatal una intervenci\u00f3n prioritaria para solucionar los cortes constantes y las fluctuaciones de voltaje que afectan a la poblaci\u00f3n de la zona.<\/p>\n\n\n\n<h2 class=\"wp-block-heading\"><strong>Comunidades aleda\u00f1as a la presa La Boca, las m\u00e1s perjudicadas<\/strong><\/h2>\n\n\n\n<p class=\"wp-block-paragraph\">Caballero Gaona detall\u00f3 que la problem\u00e1tica afecta de manera cr\u00edtica a los habitantes de comunidades como La Boca, Los Canelos, La Tinaja y Ojos de Agua, ubicadas en el sector posterior al embalse. De acuerdo con los testimonios recabados, la reactivaci\u00f3n habitacional y tur\u00edstica del \u00e1rea ha rebasado la capacidad operativa de la infraestructura existente.<\/p>\n\n\n\n<p class=\"wp-block-paragraph\">\u201cEstoy solicitando a la CFE que haga un diagn\u00f3stico integral y que con base en ese diagn\u00f3stico realice la inversi\u00f3n requerida, porque es molesto e inc\u00f3modo que los vecinos de esta comunidad est\u00e9n sufriendo apagones pr\u00e1cticamente a diario\u201d, manifest\u00f3 el legislador priista.<\/p>\n\n\n\n<p class=\"wp-block-paragraph\">\u201cAhora que ha regresado la gente a vivir a las quintas, pareciera que ya es insuficiente el n\u00famero de transformadores y la red que tienen actualmente. Espero que se pueda resolver esta problem\u00e1tica y que las familias puedan gozar de manera continua de esta prestaci\u00f3n\u201d, agreg\u00f3.<\/p>\n\n\n\n<h3 class=\"wp-block-heading\"><strong>Riesgos en salud, econom\u00eda y servicios b\u00e1sicos por apagones<\/strong><\/h3>\n\n\n\n<p class=\"wp-block-paragraph\">El representante popular argument\u00f3 que las fallas del suministro van m\u00e1s all\u00e1 de una incomodidad t\u00e9cnica, afectando la conservaci\u00f3n de alimentos, el desarrollo escolar, el comercio local y la salud de personas dependientes de aparatos m\u00e9dicos el\u00e9ctricos.<\/p>\n\n\n\n<p class=\"wp-block-paragraph\">\u201cEl suministro de energ\u00eda el\u00e9ctrica no es solamente un servicio t\u00e9cnico; es un componente esencial para la seguridad y el bienestar de las personas. Una falla o una variaci\u00f3n de voltaje puede representar p\u00e9rdidas para la econom\u00eda familiar e incluso poner en riesgo la salud\u201d, asever\u00f3.<\/p>\n\n\n\n<h2 class=\"wp-block-heading\"><strong>Piden coordinaci\u00f3n directa entre la CFE y el Municipio de Santiago<\/strong><\/h2>\n\n\n\n<p class=\"wp-block-paragraph\">Asimismo, el diputado urgi\u00f3 a establecer un canal de comunicaci\u00f3n institucional eficiente entre las autoridades del Municipio de Santiago y los operativos de la CFE para agilizar la atenci\u00f3n de folios de reporte y dar seguimiento a los mantenimientos preventivos.<\/p>\n\n\n\n<p class=\"wp-block-paragraph\">Javier Caballero concluy\u00f3 que el Grupo Legislativo del PRI mantendr\u00e1 la gesti\u00f3n ciudadana en favor de los habitantes del sur del estado hasta lograr que la red el\u00e9ctrica sea modernizada y garantice un servicio continuo.<\/p>\n","protected":false},"excerpt":{"rendered":"<p>\ud83d\udcc5 31 de agosto de 2026 Ante las recurrentes fallas e interrupciones en el suministro de energ\u00eda el\u00e9ctrica en el municipio de Santiago, el diputado local del PRI, Javier Caballero Gaona, present\u00f3 un exhorto dirigido a la Comisi\u00f3n Federal de Electricidad (CFE) para exigir la regularizaci\u00f3n del servicio. El legislador por el Distrito 24 solicit\u00f3 [&hellip;]<\/p>\n","protected":false},"author":3,"featured_media":122734,"comment_status":"open","ping_status":"closed","sticky":false,"template":"","format":"link","meta":{"om_disable_all_campaigns":false,"_monsterinsights_skip_tracking":false,"_uf_show_specific_survey":0,"_uf_disable_surveys":false,"footnotes":""},"categories":[6,4],"tags":[],"class_list":["post-122733","post","type-post","status-publish","format-link","has-post-thumbnail","hentry","category-politics","category-portada","post_format-post-format-link","has-thumb"],"_links":{"self":[{"href":"https:\/\/elsemanariodenuevoleon.com.mx\/portal\/wp-json\/wp\/v2\/posts\/122733","targetHints":{"allow":["GET"]}}],"collection":[{"href":"https:\/\/elsemanariodenuevoleon.com.mx\/portal\/wp-json\/wp\/v2\/posts"}],"about":[{"href":"https:\/\/elsemanariodenuevoleon.com.mx\/portal\/wp-json\/wp\/v2\/types\/post"}],"author":[{"embeddable":true,"href":"https:\/\/elsemanariodenuevoleon.com.mx\/portal\/wp-json\/wp\/v2\/users\/3"}],"replies":[{"embeddable":true,"href":"https:\/\/elsemanariodenuevoleon.com.mx\/portal\/wp-json\/wp\/v2\/comments?post=122733"}],"version-history":[{"count":1,"href":"https:\/\/elsemanariodenuevoleon.com.mx\/portal\/wp-json\/wp\/v2\/posts\/122733\/revisions"}],"predecessor-version":[{"id":122735,"href":"https:\/\/elsemanariodenuevoleon.com.mx\/portal\/wp-json\/wp\/v2\/posts\/122733\/revisions\/122735"}],"wp:featuredmedia":[{"embeddable":true,"href":"https:\/\/elsemanariodenuevoleon.com.mx\/portal\/wp-json\/wp\/v2\/media\/122734"}],"wp:attachment":[{"href":"https:\/\/elsemanariodenuevoleon.com.mx\/portal\/wp-json\/wp\/v2\/media?parent=122733"}],"wp:term":[{"taxonomy":"category","embeddable":true,"href":"https:\/\/elsemanariodenuevoleon.com.mx\/portal\/wp-json\/wp\/v2\/categories?post=122733"},{"taxonomy":"post_tag","embeddable":true,"href":"https:\/\/elsemanariodenuevoleon.com.mx\/portal\/wp-json\/wp\/v2\/tags?post=122733"}],"curies":[{"name":"wp","href":"https:\/\/api.w.org\/{rel}","templated":true}]}}