{"id":122748,"date":"2026-08-31T18:35:23","date_gmt":"2026-09-01T00:35:23","guid":{"rendered":"https:\/\/elsemanariodenuevoleon.com.mx\/portal\/?p=122748"},"modified":"2026-08-31T18:35:24","modified_gmt":"2026-09-01T00:35:24","slug":"otorga-monterrey-bono-por-antiguedad-y-condecoraciones-a-281-efectivos-de-seguridad","status":"publish","type":"post","link":"https:\/\/elsemanariodenuevoleon.com.mx\/portal\/otorga-monterrey-bono-por-antiguedad-y-condecoraciones-a-281-efectivos-de-seguridad\/","title":{"rendered":"Otorga Monterrey bono por antig\u00fcedad y condecoraciones a 281 efectivos de seguridad"},"content":{"rendered":"\n<p class=\"wp-block-paragraph\">\ud83d\udcc5 31 de agosto de 2026<\/p>\n\n\n\n<p class=\"wp-block-paragraph\">En un acto encabezado por el Alcalde Adri\u00e1n de la Garza Santos, el Gobierno de Monterrey entreg\u00f3 281 condecoraciones a integrantes de la Secretar\u00eda de Seguridad y Protecci\u00f3n Ciudadana. La ceremonia se realiz\u00f3 para galardonar la perseverancia, la trayectoria ininterrumpida y las acciones de relevancia ejecutadas en el ejercicio del deber.<\/p>\n\n\n\n<p class=\"wp-block-paragraph\">Dentro de los reconocimientos otorgados, 141 galardones correspondieron al rubro de antig\u00fcedad, distinguiendo a oficiales con trayectorias de 5, 10, 15, 20, 25 y hasta 30 a\u00f1os de servicio en la corporaci\u00f3n.<\/p>\n\n\n\n<h2 class=\"wp-block-heading\"><strong>Entregan galardones por m\u00e9rito y autorizan bono por quinquenio<\/strong><\/h2>\n\n\n\n<p class=\"wp-block-paragraph\">Durante la jornada se entregaron medallas y distintivos en las categor\u00edas de m\u00e9rito policial, m\u00e9rito docente, m\u00e9rito tecnol\u00f3gico, notas meritorias y reconocimiento C4. Adem\u00e1s, la administraci\u00f3n municipal confirm\u00f3 la autorizaci\u00f3n de un bono econ\u00f3mico por antig\u00fcedad dirigido al personal activo de Polic\u00eda y Tr\u00e1nsito para este 2026.<\/p>\n\n\n\n<p class=\"wp-block-paragraph\">El est\u00edmulo financiero se otorga como un bono por quinquenio equivalente a mil pesos por cada a\u00f1o de servicio cumplido. Con este esquema, un elemento con 30 a\u00f1os de trayectoria podr\u00e1 recibir un bono de hasta 30 mil pesos.<\/p>\n\n\n\n<p class=\"wp-block-paragraph\">\u201cMi respeto y mi reconocimiento para todas y todos quienes cumplen a\u00f1os de servicio, quienes se les reconoce el d\u00eda de hoy. Tambi\u00e9n actos de trabajo heroicos, pero tambi\u00e9n del valor diario que significa resolver lo que se vive en las calles\u201d, expres\u00f3 el Alcalde Adri\u00e1n de la Garza.<\/p>\n\n\n\n<h3 class=\"wp-block-heading\"><strong>Destaca Eduardo S\u00e1nchez Quiroz institucionalizaci\u00f3n de la carrera policial<\/strong><\/h3>\n\n\n\n<p class=\"wp-block-paragraph\">El Secretario de Seguridad y Protecci\u00f3n Ciudadana, Eduardo S\u00e1nchez Quiroz, destac\u00f3 la evoluci\u00f3n de los mecanismos de profesionalizaci\u00f3n y m\u00e9rito al interior de la dependencia regiomontana.<\/p>\n\n\n\n<p class=\"wp-block-paragraph\">\u201cHasta el a\u00f1o 2015, cuando llegamos con el licenciado Adri\u00e1n de la Garza en la primera administraci\u00f3n, la Polic\u00eda de Monterrey nunca hab\u00eda tenido una promoci\u00f3n de ascensos ni ten\u00eda reconocimientos. Es m\u00e1s, no exist\u00edan las medallas que hoy en d\u00eda se les otorgan. No hab\u00eda m\u00e9rito policial, no hab\u00eda valor heroico, no hab\u00eda notas meritorias. Simple y sencillamente, los polic\u00edas transitaban por su vida y no eran reconocidos nunca\u201d, asever\u00f3 S\u00e1nchez Quiroz.<\/p>\n\n\n\n<h2 class=\"wp-block-heading\"><strong>Presidium institucional<\/strong><\/h2>\n\n\n\n<p class=\"wp-block-paragraph\">La ceremonia de entrega de condecoraciones cont\u00f3 con la presencia de mandos y directivos de la administraci\u00f3n municipal:<\/p>\n\n\n\n<ul class=\"wp-block-list\">\n<li><strong>Marcelo Segovia<\/strong>, Secretario de Administraci\u00f3n.<\/li>\n\n\n\n<li><strong>Jorge M\u00e1rquez<\/strong>, Comisario en Jefe de la Secretar\u00eda de Seguridad y Protecci\u00f3n Ciudadana.<\/li>\n\n\n\n<li><strong>Ra\u00fal C\u00e1zares<\/strong>, Inspector General de la Polic\u00eda.<\/li>\n\n\n\n<li><strong>Brisilot Sandoval<\/strong>, Director de la Academia, Formaci\u00f3n y Especializaci\u00f3n Policial.<\/li>\n\n\n\n<li><strong>Ricardo Gonz\u00e1lez<\/strong>, Director de Vialidad y Tr\u00e1nsito.<\/li>\n<\/ul>\n","protected":false},"excerpt":{"rendered":"<p>\ud83d\udcc5 31 de agosto de 2026 En un acto encabezado por el Alcalde Adri\u00e1n de la Garza Santos, el Gobierno de Monterrey entreg\u00f3 281 condecoraciones a integrantes de la Secretar\u00eda de Seguridad y Protecci\u00f3n Ciudadana. La ceremonia se realiz\u00f3 para galardonar la perseverancia, la trayectoria ininterrumpida y las acciones de relevancia ejecutadas en el ejercicio [&hellip;]<\/p>\n","protected":false},"author":3,"featured_media":122749,"comment_status":"open","ping_status":"closed","sticky":false,"template":"","format":"link","meta":{"om_disable_all_campaigns":false,"_monsterinsights_skip_tracking":false,"_uf_show_specific_survey":0,"_uf_disable_surveys":false,"footnotes":""},"categories":[2,4],"tags":[],"class_list":["post-122748","post","type-post","status-publish","format-link","has-post-thumbnail","hentry","category-locales","category-portada","post_format-post-format-link","has-thumb"],"_links":{"self":[{"href":"https:\/\/elsemanariodenuevoleon.com.mx\/portal\/wp-json\/wp\/v2\/posts\/122748","targetHints":{"allow":["GET"]}}],"collection":[{"href":"https:\/\/elsemanariodenuevoleon.com.mx\/portal\/wp-json\/wp\/v2\/posts"}],"about":[{"href":"https:\/\/elsemanariodenuevoleon.com.mx\/portal\/wp-json\/wp\/v2\/types\/post"}],"author":[{"embeddable":true,"href":"https:\/\/elsemanariodenuevoleon.com.mx\/portal\/wp-json\/wp\/v2\/users\/3"}],"replies":[{"embeddable":true,"href":"https:\/\/elsemanariodenuevoleon.com.mx\/portal\/wp-json\/wp\/v2\/comments?post=122748"}],"version-history":[{"count":1,"href":"https:\/\/elsemanariodenuevoleon.com.mx\/portal\/wp-json\/wp\/v2\/posts\/122748\/revisions"}],"predecessor-version":[{"id":122750,"href":"https:\/\/elsemanariodenuevoleon.com.mx\/portal\/wp-json\/wp\/v2\/posts\/122748\/revisions\/122750"}],"wp:featuredmedia":[{"embeddable":true,"href":"https:\/\/elsemanariodenuevoleon.com.mx\/portal\/wp-json\/wp\/v2\/media\/122749"}],"wp:attachment":[{"href":"https:\/\/elsemanariodenuevoleon.com.mx\/portal\/wp-json\/wp\/v2\/media?parent=122748"}],"wp:term":[{"taxonomy":"category","embeddable":true,"href":"https:\/\/elsemanariodenuevoleon.com.mx\/portal\/wp-json\/wp\/v2\/categories?post=122748"},{"taxonomy":"post_tag","embeddable":true,"href":"https:\/\/elsemanariodenuevoleon.com.mx\/portal\/wp-json\/wp\/v2\/tags?post=122748"}],"curies":[{"name":"wp","href":"https:\/\/api.w.org\/{rel}","templated":true}]}}