{"id":122755,"date":"2026-09-01T11:53:23","date_gmt":"2026-09-01T17:53:23","guid":{"rendered":"https:\/\/elsemanariodenuevoleon.com.mx\/portal\/?p=122755"},"modified":"2026-09-01T11:53:23","modified_gmt":"2026-09-01T17:53:23","slug":"sube-a-mas-de-1000-la-cifra-de-muertos-por-masivo-deslave-entre-nepal-y-el-tibet","status":"publish","type":"post","link":"https:\/\/elsemanariodenuevoleon.com.mx\/portal\/sube-a-mas-de-1000-la-cifra-de-muertos-por-masivo-deslave-entre-nepal-y-el-tibet\/","title":{"rendered":"Sube a m\u00e1s de 1,000 la cifra de muertos por masivo deslave entre Nepal y el T\u00edbet"},"content":{"rendered":"\n<p class=\"wp-block-paragraph\">\ud83d\udcc5 1 de septiembre de 2026<\/p>\n\n\n\n<p class=\"wp-block-paragraph\">El balance provisional del desastre natural ocurrido la semana pasada en la cordillera del Himalaya super\u00f3 este martes la cifra de mil personas fallecidas. Transcurridos seis d\u00edas desde que el colapso de un glaciar provocara un torrente masivo de agua y barro que arras\u00f3 comunidades enteras, los equipos de emergencia contin\u00faan las labores de b\u00fasqueda en medio de escombros y lodo con escasas probabilidades de hallar personas con vida.<\/p>\n\n\n\n<p class=\"wp-block-paragraph\">Hasta el momento, las autoridades de ambos pa\u00edses contabilizan un total de 1,066 v\u00edctimas mortales (1,050 en Nepal y 16 en China) y 4,562 personas reportadas como desaparecidas entre Nepal y la Regi\u00f3n Aut\u00f3noma del T\u00edbet. Entre los no localizados figuran cientos de ciudadanos extranjeros: 583 en territorio nepal\u00ed procedentes de m\u00e1s de 30 naciones, y 261 en territorio chino originarios de 23 pa\u00edses.<\/p>\n\n\n\n<h2 class=\"wp-block-heading\"><strong>Entierros colectivos y ritos funerarios simb\u00f3licos ante el colapso de las morgues<\/strong><\/h2>\n\n\n\n<p class=\"wp-block-paragraph\">Ante la saturaci\u00f3n de los anfiteatros y el riesgo sanitario, las autoridades han procedido con entierros colectivos tras la toma de muestras de ADN en sitios como la reserva forestal de Gokarna, en Katmand\u00fa.<\/p>\n\n\n\n<p class=\"wp-block-paragraph\">Paralelamente, familias en la capital nepal\u00ed han comenzado a realizar ritos tradicionales sin los restos presentes para dar sepultura simb\u00f3lica a sus allegados. Entre los testimonios recabados, Rozel Shrestha, de 12 a\u00f1os, realiz\u00f3 honras f\u00fanebres mediante una figura representativa de su padre, Krishna Shrestha, desaparecido en el golpeado distrito de Rasuwa. Por su parte, familiares que acuden al hospital universitario de Katmand\u00fa, como Debu Sapkota \u2014quien busca a su suegra de 83 a\u00f1os y a su nieta\u2014, expresan que la b\u00fasqueda se concentra \u00fanicamente en la recuperaci\u00f3n de los cuerpos.<\/p>\n\n\n\n<h3 class=\"wp-block-heading\"><strong>Intensifican maniobras en t\u00faneles de central hidroel\u00e9ctrica<\/strong><\/h3>\n\n\n\n<p class=\"wp-block-paragraph\">Los esfuerzos de rescate en Nepal se centran en abrir paso mediante explosivos, maquinaria pesada y perforadoras hacia una central hidroel\u00e9ctrica donde permanecen atrapados aproximadamente 100 trabajadores.<\/p>\n\n\n\n<p class=\"wp-block-paragraph\">\u201cConcentramos nuestros esfuerzos en estos t\u00faneles, nuestro trabajo contin\u00faa\u201d, confirm\u00f3 a AFP el portavoz del ej\u00e9rcito nepal\u00ed, Raja Ram Basnet. Pese a las complejas condiciones, el ministro de Relaciones Exteriores de Nepal, Shisir Khanal, se\u00f1al\u00f3 mantener la expectativa de ubicar supervivientes, al tiempo que advirti\u00f3 que el evento representa &#8220;una se\u00f1al de advertencia sobre el riesgo que el cambio clim\u00e1tico representa para Nepal&#8221;.<\/p>\n\n\n\n<h2 class=\"wp-block-heading\"><strong>Despliegue operativo en China y controversia pol\u00edtica<\/strong><\/h2>\n\n\n\n<p class=\"wp-block-paragraph\">En el lado chino, m\u00e1s de 2,000 socorristas se encuentran desplegados concentrando sus labores en el restablecimiento de las comunicaciones y la apertura de la carretera hacia el paso fronterizo de Gyirong, localidad donde este martes se guard\u00f3 un minuto de silencio por las v\u00edctimas.<\/p>\n\n\n\n<p class=\"wp-block-paragraph\">El evento ha generado disputas geopol\u00edticas luego de que grupos independentistas tibetanos acusaran a las autoridades de Pek\u00edn de subestimar las cifras de v\u00edctimas en su territorio, a lo que el gobierno chino respondi\u00f3 calificando las afirmaciones como una &#8220;campa\u00f1a maliciosa de difamaci\u00f3n y sensacionalismo&#8221;.<\/p>\n","protected":false},"excerpt":{"rendered":"<p>\ud83d\udcc5 1 de septiembre de 2026 El balance provisional del desastre natural ocurrido la semana pasada en la cordillera del Himalaya super\u00f3 este martes la cifra de mil personas fallecidas. Transcurridos seis d\u00edas desde que el colapso de un glaciar provocara un torrente masivo de agua y barro que arras\u00f3 comunidades enteras, los equipos de [&hellip;]<\/p>\n","protected":false},"author":3,"featured_media":122757,"comment_status":"open","ping_status":"closed","sticky":false,"template":"","format":"link","meta":{"om_disable_all_campaigns":false,"_monsterinsights_skip_tracking":false,"_uf_show_specific_survey":0,"_uf_disable_surveys":false,"footnotes":""},"categories":[40,4],"tags":[243],"class_list":["post-122755","post","type-post","status-publish","format-link","has-post-thumbnail","hentry","category-internacional","category-portada","tag-noticias","post_format-post-format-link","has-thumb"],"_links":{"self":[{"href":"https:\/\/elsemanariodenuevoleon.com.mx\/portal\/wp-json\/wp\/v2\/posts\/122755","targetHints":{"allow":["GET"]}}],"collection":[{"href":"https:\/\/elsemanariodenuevoleon.com.mx\/portal\/wp-json\/wp\/v2\/posts"}],"about":[{"href":"https:\/\/elsemanariodenuevoleon.com.mx\/portal\/wp-json\/wp\/v2\/types\/post"}],"author":[{"embeddable":true,"href":"https:\/\/elsemanariodenuevoleon.com.mx\/portal\/wp-json\/wp\/v2\/users\/3"}],"replies":[{"embeddable":true,"href":"https:\/\/elsemanariodenuevoleon.com.mx\/portal\/wp-json\/wp\/v2\/comments?post=122755"}],"version-history":[{"count":1,"href":"https:\/\/elsemanariodenuevoleon.com.mx\/portal\/wp-json\/wp\/v2\/posts\/122755\/revisions"}],"predecessor-version":[{"id":122758,"href":"https:\/\/elsemanariodenuevoleon.com.mx\/portal\/wp-json\/wp\/v2\/posts\/122755\/revisions\/122758"}],"wp:featuredmedia":[{"embeddable":true,"href":"https:\/\/elsemanariodenuevoleon.com.mx\/portal\/wp-json\/wp\/v2\/media\/122757"}],"wp:attachment":[{"href":"https:\/\/elsemanariodenuevoleon.com.mx\/portal\/wp-json\/wp\/v2\/media?parent=122755"}],"wp:term":[{"taxonomy":"category","embeddable":true,"href":"https:\/\/elsemanariodenuevoleon.com.mx\/portal\/wp-json\/wp\/v2\/categories?post=122755"},{"taxonomy":"post_tag","embeddable":true,"href":"https:\/\/elsemanariodenuevoleon.com.mx\/portal\/wp-json\/wp\/v2\/tags?post=122755"}],"curies":[{"name":"wp","href":"https:\/\/api.w.org\/{rel}","templated":true}]}}