{"id":122759,"date":"2026-09-01T12:05:39","date_gmt":"2026-09-01T18:05:39","guid":{"rendered":"https:\/\/elsemanariodenuevoleon.com.mx\/portal\/?p=122759"},"modified":"2026-09-01T12:05:40","modified_gmt":"2026-09-01T18:05:40","slug":"trasladan-a-penal-a-dos-acusados-por-estrangular-a-un-joven-de-18-anos-en-garcia","status":"publish","type":"post","link":"https:\/\/elsemanariodenuevoleon.com.mx\/portal\/trasladan-a-penal-a-dos-acusados-por-estrangular-a-un-joven-de-18-anos-en-garcia\/","title":{"rendered":"Trasladan a penal a dos acusados por estrangular a un joven de 18 a\u00f1os en Garc\u00eda"},"content":{"rendered":"\n<p class=\"wp-block-paragraph\">\ud83d\udcc5 1 de septiembre de 2026<\/p>\n\n\n\n<p class=\"wp-block-paragraph\">La Fiscal\u00eda Especializada en Homicidios y Lesiones Graves, en conjunto con la Agencia Estatal de Investigaciones (AEI), ejecut\u00f3 una orden de aprehensi\u00f3n en contra de dos j\u00f3venes imputados por el delito de homicidio calificado. Los detenidos son se\u00f1alados por la muerte violenta de Alexis Aldair, de 18 a\u00f1os de edad, quien contaba con reporte de b\u00fasqueda emitido por la Fiscal\u00eda General de Justicia del Estado.<\/p>\n\n\n\n<p class=\"wp-block-paragraph\">Los aprehendidos fueron identificados por las autoridades como Rodrigo &#8220;N&#8221;, de 19 a\u00f1os de edad, y Jorge &#8220;N&#8221;, de 24 a\u00f1os. La detenci\u00f3n de Rodrigo &#8220;N&#8221; se concret\u00f3 en la v\u00eda p\u00fablica de la colonia Las Sombrillas, en el municipio de Santa Catarina, mientras que a Jorge &#8220;N&#8221; se le notific\u00f3 la orden judicial al interior de un Centro de Reinserci\u00f3n Social Estatal donde ya se encontraba recluido.<\/p>\n\n\n\n<h2 class=\"wp-block-heading\"><strong>Hallazgo del cuerpo durante cateo en la colonia Valle de San Blas<\/strong><\/h2>\n\n\n\n<p class=\"wp-block-paragraph\">De acuerdo con las investigaciones ministeriales, el cuerpo de la v\u00edctima fue localizado el pasado 21 de agosto de 2026 durante la ejecuci\u00f3n de una orden de cateo en una vivienda situada sobre la calle Dr. Manuel M. Villada, en la colonia Valle de San Blas, en el municipio de Garc\u00eda.<\/p>\n\n\n\n<p class=\"wp-block-paragraph\">En el sitio, los detectives de la AEI encontraron los restos de la v\u00edctima con visibles huellas de violencia, colocados al interior de un tambo dentro del inmueble.<\/p>\n\n\n\n<h3 class=\"wp-block-heading\"><strong>Detallan mec\u00e1nica de los hechos e indagatoria de la AEI<\/strong><\/h3>\n\n\n\n<p class=\"wp-block-paragraph\">La carpeta de investigaci\u00f3n integrada por el Agente del Ministerio P\u00fablico Investigador determin\u00f3 que el crimen se cometi\u00f3 el 26 de julio de 2026, fecha en que la v\u00edctima acudi\u00f3 a un domicilio donde coincidi\u00f3 con los presuntos agresores.<\/p>\n\n\n\n<p class=\"wp-block-paragraph\">En el lugar se gener\u00f3 una discusi\u00f3n, momento en que los dos investigados, aprovechando la superioridad num\u00e9rica y material, sometieron al joven de 18 a\u00f1os y lo golpearon con un objeto contundente. Posteriormente, lo introdujeron a la vivienda donde le causaron la muerte por estrangulamiento, para finalmente ocultar el cad\u00e1ver en el contenedor.<\/p>\n\n\n\n<h2 class=\"wp-block-heading\"><strong>Permanecer\u00e1n internados a disposici\u00f3n de un Juez de Control<\/strong><\/h2>\n\n\n\n<p class=\"wp-block-paragraph\">Ambos implicados quedaron internados en un Centro de Reinserci\u00f3n Social Estatal a disposici\u00f3n de un Juez de Control y de Juicio Oral Penal del Estado de Nuevo Le\u00f3n, autoridad que definir\u00e1 su situaci\u00f3n jur\u00eddica en las pr\u00f3ximas audiencias de imputaci\u00f3n.<\/p>\n\n\n\n<figure class=\"wp-block-gallery has-nested-images columns-default is-cropped wp-block-gallery-1 is-layout-flex wp-block-gallery-is-layout-flex\">\n<figure class=\"wp-block-image size-full\"><img loading=\"lazy\" decoding=\"async\" width=\"545\" height=\"632\" data-id=\"122761\" src=\"https:\/\/elsemanariodenuevoleon.com.mx\/portal\/wp-content\/uploads\/2026\/09\/WhatsApp-Image-2026-09-01-at-11.24.15-AM.jpeg\" alt=\"\" class=\"wp-image-122761\" srcset=\"https:\/\/elsemanariodenuevoleon.com.mx\/portal\/wp-content\/uploads\/2026\/09\/WhatsApp-Image-2026-09-01-at-11.24.15-AM.jpeg 545w, https:\/\/elsemanariodenuevoleon.com.mx\/portal\/wp-content\/uploads\/2026\/09\/WhatsApp-Image-2026-09-01-at-11.24.15-AM-259x300.jpeg 259w\" sizes=\"auto, (max-width: 545px) 100vw, 545px\" \/><\/figure>\n\n\n\n<figure class=\"wp-block-image size-full\"><img loading=\"lazy\" decoding=\"async\" width=\"547\" height=\"636\" data-id=\"122760\" src=\"https:\/\/elsemanariodenuevoleon.com.mx\/portal\/wp-content\/uploads\/2026\/09\/WhatsApp-Image-2026-09-01-at-11.24.14-AM.jpeg\" alt=\"\" class=\"wp-image-122760\" srcset=\"https:\/\/elsemanariodenuevoleon.com.mx\/portal\/wp-content\/uploads\/2026\/09\/WhatsApp-Image-2026-09-01-at-11.24.14-AM.jpeg 547w, https:\/\/elsemanariodenuevoleon.com.mx\/portal\/wp-content\/uploads\/2026\/09\/WhatsApp-Image-2026-09-01-at-11.24.14-AM-258x300.jpeg 258w\" sizes=\"auto, (max-width: 547px) 100vw, 547px\" \/><\/figure>\n<\/figure>\n","protected":false},"excerpt":{"rendered":"<p>\ud83d\udcc5 1 de septiembre de 2026 La Fiscal\u00eda Especializada en Homicidios y Lesiones Graves, en conjunto con la Agencia Estatal de Investigaciones (AEI), ejecut\u00f3 una orden de aprehensi\u00f3n en contra de dos j\u00f3venes imputados por el delito de homicidio calificado. Los detenidos son se\u00f1alados por la muerte violenta de Alexis Aldair, de 18 a\u00f1os de [&hellip;]<\/p>\n","protected":false},"author":3,"featured_media":122760,"comment_status":"open","ping_status":"closed","sticky":false,"template":"","format":"link","meta":{"om_disable_all_campaigns":false,"_monsterinsights_skip_tracking":false,"_uf_show_specific_survey":0,"_uf_disable_surveys":false,"footnotes":""},"categories":[4,39],"tags":[243],"class_list":["post-122759","post","type-post","status-publish","format-link","has-post-thumbnail","hentry","category-portada","category-seguridad","tag-noticias","post_format-post-format-link","has-thumb"],"_links":{"self":[{"href":"https:\/\/elsemanariodenuevoleon.com.mx\/portal\/wp-json\/wp\/v2\/posts\/122759","targetHints":{"allow":["GET"]}}],"collection":[{"href":"https:\/\/elsemanariodenuevoleon.com.mx\/portal\/wp-json\/wp\/v2\/posts"}],"about":[{"href":"https:\/\/elsemanariodenuevoleon.com.mx\/portal\/wp-json\/wp\/v2\/types\/post"}],"author":[{"embeddable":true,"href":"https:\/\/elsemanariodenuevoleon.com.mx\/portal\/wp-json\/wp\/v2\/users\/3"}],"replies":[{"embeddable":true,"href":"https:\/\/elsemanariodenuevoleon.com.mx\/portal\/wp-json\/wp\/v2\/comments?post=122759"}],"version-history":[{"count":1,"href":"https:\/\/elsemanariodenuevoleon.com.mx\/portal\/wp-json\/wp\/v2\/posts\/122759\/revisions"}],"predecessor-version":[{"id":122762,"href":"https:\/\/elsemanariodenuevoleon.com.mx\/portal\/wp-json\/wp\/v2\/posts\/122759\/revisions\/122762"}],"wp:featuredmedia":[{"embeddable":true,"href":"https:\/\/elsemanariodenuevoleon.com.mx\/portal\/wp-json\/wp\/v2\/media\/122760"}],"wp:attachment":[{"href":"https:\/\/elsemanariodenuevoleon.com.mx\/portal\/wp-json\/wp\/v2\/media?parent=122759"}],"wp:term":[{"taxonomy":"category","embeddable":true,"href":"https:\/\/elsemanariodenuevoleon.com.mx\/portal\/wp-json\/wp\/v2\/categories?post=122759"},{"taxonomy":"post_tag","embeddable":true,"href":"https:\/\/elsemanariodenuevoleon.com.mx\/portal\/wp-json\/wp\/v2\/tags?post=122759"}],"curies":[{"name":"wp","href":"https:\/\/api.w.org\/{rel}","templated":true}]}}