{"id":122769,"date":"2026-09-01T12:54:52","date_gmt":"2026-09-01T18:54:52","guid":{"rendered":"https:\/\/elsemanariodenuevoleon.com.mx\/portal\/?p=122769"},"modified":"2026-09-01T12:54:53","modified_gmt":"2026-09-01T18:54:53","slug":"se-apaga-la-via-monaco-pero-se-reactiva-rusia-para-el-seleccionado-mexicano-erik-lira","status":"publish","type":"post","link":"https:\/\/elsemanariodenuevoleon.com.mx\/portal\/se-apaga-la-via-monaco-pero-se-reactiva-rusia-para-el-seleccionado-mexicano-erik-lira\/","title":{"rendered":"Se apaga la v\u00eda M\u00f3naco pero se reactiva Rusia para el seleccionado mexicano Erik Lira"},"content":{"rendered":"\n<p class=\"wp-block-paragraph\">\ud83d\udcc5 1 de septiembre de 2026<\/p>\n\n\n\n<p class=\"wp-block-paragraph\">Luego de que la prioridad del mediocampista mexicano Erik Lira fuera dar el salto a la Ligue 1 con el M\u00f3naco, el inminente cierre del mercado de transferencias en el f\u00fatbol franc\u00e9s ha obligado a reactivar alternativas en el viejo continente. Ante la restricci\u00f3n de tiempos en Francia, el entorno del seleccionado nacional analiza ofertas paralelas que se manten\u00edan en carpeta, destacando un inter\u00e9s concreto proveniente del balompi\u00e9 de Rusia.<\/p>\n\n\n\n<p class=\"wp-block-paragraph\">A pesar del inter\u00e9s de diversas latitudes, la prioridad de Lira se mantuvo firme en enrolarse con el conjunto del principado; sin embargo, los plazos operativos del registro galo han reactivo opciones en ligas cuyos periodos de transferencia permanecen abiertos.<\/p>\n\n\n\n<h2 class=\"wp-block-heading\"><strong>El vitral de la Copa del Mundo desata inter\u00e9s internacional<\/strong><\/h2>\n\n\n\n<p class=\"wp-block-paragraph\">El desempe\u00f1o del centrocampista durante la \u00faltima Copa del Mundo con la Selecci\u00f3n Mexicana catapult\u00f3 su cotizaci\u00f3n en el mercado internacional. Sus actuaciones en la justa mundialista despertaron el seguimiento de visores no solo en el continente europeo, sino tambi\u00e9n de clubes en la Liga Profesional de Arabia Saudita.<\/p>\n\n\n\n<p class=\"wp-block-paragraph\">Actualmente, el jugador y su entorno aguardan la resoluci\u00f3n de las \u00faltimas horas del mercado para concretar su salida al balompi\u00e9 internacional:<\/p>\n\n\n\n<ul class=\"wp-block-list\">\n<li><strong>Opci\u00f3n A (Francia):<\/strong> M\u00f3naco (sujeto a la ventana de cierres de la Ligue 1).<\/li>\n\n\n\n<li><strong>Opci\u00f3n B (Rusia):<\/strong> Oferta formal sobre la mesa para incorporarse a la Liga Premier de Rusia.<\/li>\n\n\n\n<li><strong>Otras v\u00edas:<\/strong> Sondeos activos en ligas europeas con periodos de registro extendidos.<\/li>\n<\/ul>\n\n\n\n<p class=\"wp-block-paragraph\">Se espera que en el transcurso de las pr\u00f3ximas horas se defina el destino final del mediocampista para hacer efectivo su objetivo de dar el salto al f\u00fatbol del Viejo Continente.<\/p>\n\n\n\n<p class=\"wp-block-paragraph\"><\/p>\n","protected":false},"excerpt":{"rendered":"<p>\ud83d\udcc5 1 de septiembre de 2026 Luego de que la prioridad del mediocampista mexicano Erik Lira fuera dar el salto a la Ligue 1 con el M\u00f3naco, el inminente cierre del mercado de transferencias en el f\u00fatbol franc\u00e9s ha obligado a reactivar alternativas en el viejo continente. Ante la restricci\u00f3n de tiempos en Francia, el [&hellip;]<\/p>\n","protected":false},"author":3,"featured_media":122770,"comment_status":"open","ping_status":"closed","sticky":false,"template":"","format":"link","meta":{"om_disable_all_campaigns":false,"_monsterinsights_skip_tracking":false,"_uf_show_specific_survey":0,"_uf_disable_surveys":false,"footnotes":""},"categories":[7,4],"tags":[243],"class_list":["post-122769","post","type-post","status-publish","format-link","has-post-thumbnail","hentry","category-sports","category-portada","tag-noticias","post_format-post-format-link","has-thumb"],"_links":{"self":[{"href":"https:\/\/elsemanariodenuevoleon.com.mx\/portal\/wp-json\/wp\/v2\/posts\/122769","targetHints":{"allow":["GET"]}}],"collection":[{"href":"https:\/\/elsemanariodenuevoleon.com.mx\/portal\/wp-json\/wp\/v2\/posts"}],"about":[{"href":"https:\/\/elsemanariodenuevoleon.com.mx\/portal\/wp-json\/wp\/v2\/types\/post"}],"author":[{"embeddable":true,"href":"https:\/\/elsemanariodenuevoleon.com.mx\/portal\/wp-json\/wp\/v2\/users\/3"}],"replies":[{"embeddable":true,"href":"https:\/\/elsemanariodenuevoleon.com.mx\/portal\/wp-json\/wp\/v2\/comments?post=122769"}],"version-history":[{"count":1,"href":"https:\/\/elsemanariodenuevoleon.com.mx\/portal\/wp-json\/wp\/v2\/posts\/122769\/revisions"}],"predecessor-version":[{"id":122771,"href":"https:\/\/elsemanariodenuevoleon.com.mx\/portal\/wp-json\/wp\/v2\/posts\/122769\/revisions\/122771"}],"wp:featuredmedia":[{"embeddable":true,"href":"https:\/\/elsemanariodenuevoleon.com.mx\/portal\/wp-json\/wp\/v2\/media\/122770"}],"wp:attachment":[{"href":"https:\/\/elsemanariodenuevoleon.com.mx\/portal\/wp-json\/wp\/v2\/media?parent=122769"}],"wp:term":[{"taxonomy":"category","embeddable":true,"href":"https:\/\/elsemanariodenuevoleon.com.mx\/portal\/wp-json\/wp\/v2\/categories?post=122769"},{"taxonomy":"post_tag","embeddable":true,"href":"https:\/\/elsemanariodenuevoleon.com.mx\/portal\/wp-json\/wp\/v2\/tags?post=122769"}],"curies":[{"name":"wp","href":"https:\/\/api.w.org\/{rel}","templated":true}]}}