{"id":122772,"date":"2026-09-01T14:41:46","date_gmt":"2026-09-01T20:41:46","guid":{"rendered":"https:\/\/elsemanariodenuevoleon.com.mx\/portal\/?p=122772"},"modified":"2026-09-01T14:41:47","modified_gmt":"2026-09-01T20:41:47","slug":"destaca-sheinbaum-record-de-35-mil-mdd-en-ied-y-avance-del-pib-en-su-segundo-informe","status":"publish","type":"post","link":"https:\/\/elsemanariodenuevoleon.com.mx\/portal\/destaca-sheinbaum-record-de-35-mil-mdd-en-ied-y-avance-del-pib-en-su-segundo-informe\/","title":{"rendered":"Destaca Sheinbaum r\u00e9cord de 35 mil mdd en IED y avance del PIB en su Segundo Informe"},"content":{"rendered":"\n<p class=\"wp-block-paragraph\">\ud83d\udcc5 1 de septiembre de 2026<\/p>\n\n\n\n<p class=\"wp-block-paragraph\">En el marco de la rendici\u00f3n de su Segundo Informe de Gobierno, la Presidenta de M\u00e9xico, Claudia Sheinbaum Pardo, asever\u00f3 que la econom\u00eda del pa\u00eds se mantiene estable y en desarrollo. La mandataria resalt\u00f3 indicadores positivos como cifras r\u00e9cord en Inversi\u00f3n Extranjera Directa (IED), incremento del Producto Interno Bruto (PIB), reducci\u00f3n de la tasa de desempleo y contenci\u00f3n de la inflaci\u00f3n, todo ello en medio de un entorno econ\u00f3mico internacional adverso.<\/p>\n\n\n\n<p class=\"wp-block-paragraph\">\u201cEn estos casi dos a\u00f1os, hemos enfrentado dif\u00edciles circunstancias internacionales, marcados por un cambio en la pol\u00edtica arancelaria del gobierno de los Estados Unidos. En particular, los aranceles a la exportaci\u00f3n de veh\u00edculos, de acero, aluminio y sus derivados, as\u00ed como la guerra en Ir\u00e1n que elev\u00f3 los precios internacionales del petr\u00f3leo, han generado dif\u00edciles circunstancias para nuestro pa\u00eds y para todo el mundo. A\u00fan en estas dif\u00edciles condiciones, la econom\u00eda mexicana permanece estable y avanzando\u201d, sostuvo Sheinbaum Pardo.<\/p>\n\n\n\n<h2 class=\"wp-block-heading\"><strong>Cifras r\u00e9cord en inversi\u00f3n y aumento del empleo<\/strong><\/h2>\n\n\n\n<p class=\"wp-block-paragraph\">Durante su discurso, la jefa del Ejecutivo federal detall\u00f3 los balances macroecon\u00f3micos alcanzados al cierre de la primera mitad del ejercicio 2026:<\/p>\n\n\n\n<ul class=\"wp-block-list\">\n<li><strong>Inversi\u00f3n Extranjera Directa (IED):<\/strong> Alcanz\u00f3 un m\u00e1ximo hist\u00f3rico de 35 mil millones de d\u00f3lares ($35,000 MDD$) en el primer semestre de 2026, lo que represent\u00f3 un incremento del $12\\%$ en comparaci\u00f3n con el mismo periodo de 2024.<\/li>\n\n\n\n<li><strong>Producto Interno Bruto (PIB):<\/strong> Registr\u00f3 un crecimiento interanual del $1.9\\%$ durante el segundo trimestre de 2026 respecto al mismo lapso de 2025.<\/li>\n\n\n\n<li><strong>Mundo Laboral:<\/strong> Se lleg\u00f3 a la cifra de 60 millones de personas ocupadas, situando la tasa de desempleo en $2.7\\%$.<\/li>\n<\/ul>\n\n\n\n<h3 class=\"wp-block-heading\"><strong>Contenci\u00f3n inflacionaria y control de precios<\/strong><\/h3>\n\n\n\n<p class=\"wp-block-paragraph\">La Presidenta atribuy\u00f3 la baja gradual en el \u00edndice inflacionario a la aplicaci\u00f3n de estrategias de concertaci\u00f3n social, destacando el acuerdo voluntario alcanzado con los distribuidores de combustible para evitar incrementos en el precio de la gasolina. Asimismo, report\u00f3 una disminuci\u00f3n de hasta $12\\%$ en el costo de diversos productos de la canasta b\u00e1sica.<\/p>\n","protected":false},"excerpt":{"rendered":"<p>\ud83d\udcc5 1 de septiembre de 2026 En el marco de la rendici\u00f3n de su Segundo Informe de Gobierno, la Presidenta de M\u00e9xico, Claudia Sheinbaum Pardo, asever\u00f3 que la econom\u00eda del pa\u00eds se mantiene estable y en desarrollo. La mandataria resalt\u00f3 indicadores positivos como cifras r\u00e9cord en Inversi\u00f3n Extranjera Directa (IED), incremento del Producto Interno Bruto [&hellip;]<\/p>\n","protected":false},"author":3,"featured_media":106876,"comment_status":"open","ping_status":"closed","sticky":false,"template":"","format":"link","meta":{"om_disable_all_campaigns":false,"_monsterinsights_skip_tracking":false,"_uf_show_specific_survey":0,"_uf_disable_surveys":false,"footnotes":""},"categories":[3,4],"tags":[243],"class_list":["post-122772","post","type-post","status-publish","format-link","has-post-thumbnail","hentry","category-culture","category-portada","tag-noticias","post_format-post-format-link","has-thumb"],"_links":{"self":[{"href":"https:\/\/elsemanariodenuevoleon.com.mx\/portal\/wp-json\/wp\/v2\/posts\/122772","targetHints":{"allow":["GET"]}}],"collection":[{"href":"https:\/\/elsemanariodenuevoleon.com.mx\/portal\/wp-json\/wp\/v2\/posts"}],"about":[{"href":"https:\/\/elsemanariodenuevoleon.com.mx\/portal\/wp-json\/wp\/v2\/types\/post"}],"author":[{"embeddable":true,"href":"https:\/\/elsemanariodenuevoleon.com.mx\/portal\/wp-json\/wp\/v2\/users\/3"}],"replies":[{"embeddable":true,"href":"https:\/\/elsemanariodenuevoleon.com.mx\/portal\/wp-json\/wp\/v2\/comments?post=122772"}],"version-history":[{"count":1,"href":"https:\/\/elsemanariodenuevoleon.com.mx\/portal\/wp-json\/wp\/v2\/posts\/122772\/revisions"}],"predecessor-version":[{"id":122773,"href":"https:\/\/elsemanariodenuevoleon.com.mx\/portal\/wp-json\/wp\/v2\/posts\/122772\/revisions\/122773"}],"wp:featuredmedia":[{"embeddable":true,"href":"https:\/\/elsemanariodenuevoleon.com.mx\/portal\/wp-json\/wp\/v2\/media\/106876"}],"wp:attachment":[{"href":"https:\/\/elsemanariodenuevoleon.com.mx\/portal\/wp-json\/wp\/v2\/media?parent=122772"}],"wp:term":[{"taxonomy":"category","embeddable":true,"href":"https:\/\/elsemanariodenuevoleon.com.mx\/portal\/wp-json\/wp\/v2\/categories?post=122772"},{"taxonomy":"post_tag","embeddable":true,"href":"https:\/\/elsemanariodenuevoleon.com.mx\/portal\/wp-json\/wp\/v2\/tags?post=122772"}],"curies":[{"name":"wp","href":"https:\/\/api.w.org\/{rel}","templated":true}]}}