{"id":122775,"date":"2026-09-02T12:42:37","date_gmt":"2026-09-02T18:42:37","guid":{"rendered":"https:\/\/elsemanariodenuevoleon.com.mx\/portal\/?p=122775"},"modified":"2026-09-02T12:42:37","modified_gmt":"2026-09-02T18:42:37","slug":"cae-implicado-en-atentado-con-coche-bomba-contra-la-policia-municipal-de-ojocaliente","status":"publish","type":"post","link":"https:\/\/elsemanariodenuevoleon.com.mx\/portal\/cae-implicado-en-atentado-con-coche-bomba-contra-la-policia-municipal-de-ojocaliente\/","title":{"rendered":"Cae implicado en atentado con coche-bomba contra la Polic\u00eda Municipal de Ojocaliente"},"content":{"rendered":"\n<p class=\"wp-block-paragraph\">\ud83d\udcc5 2 de septiembre de 2026<\/p>\n\n\n\n<p class=\"wp-block-paragraph\">Autoridades mexicanas lograron la detenci\u00f3n de un individuo presuntamente involucrado en el atentado con un veh\u00edculo cargado con explosivos contra la Comandancia de la Polic\u00eda Municipal de Ojocaliente, Zacatecas. La captura fue confirmada por el Secretario General de Gobierno del estado, Rodrigo Reyes Mug\u00fcerza, como resultado de los operativos coordinados entre corporaciones estatales y federales.<\/p>\n\n\n\n<p class=\"wp-block-paragraph\">El atentado con el coche-bomba dej\u00f3 un saldo de al menos 10 personas heridas, entre elementos policiales y civiles, de las cuales dos se reportan en estado grave, seg\u00fan precis\u00f3 el fiscal general del estado, Cristian Paul Camacho.<\/p>\n\n\n\n<h2 class=\"wp-block-heading\"><strong>Represalia del CJNG tras la captura de presunto sicario<\/strong><\/h2>\n\n\n\n<p class=\"wp-block-paragraph\">De acuerdo con las investigaciones iniciales, la agresi\u00f3n a la sede policial habr\u00eda sido orquestada por c\u00e9lulas del C\u00e1rtel Jalisco Nueva Generaci\u00f3n (CJNG) en respuesta directa a la detenci\u00f3n previa de William Ariel \u201cN\u201d, de 18 a\u00f1os y originario de Aguascalientes.<\/p>\n\n\n\n<p class=\"wp-block-paragraph\">El joven, identificado como presunto sicario de dicha organizaci\u00f3n criminal, fue capturado horas antes en el municipio de Villa Garc\u00eda tras detonar una motocicleta con explosivos al paso de una patrulla.<\/p>\n\n\n\n<h3 class=\"wp-block-heading\"><strong>Detalles del artefacto y el veh\u00edculo utilizado<\/strong><\/h3>\n\n\n\n<p class=\"wp-block-paragraph\">El fiscal general del estado explic\u00f3 que para la agresi\u00f3n armada se emple\u00f3 un artefacto explosivo improvisado, compuesto por un tubo de metal cargado con p\u00f3lvora comprimida, el cual fue colocado en un autom\u00f3vil que contaba con reporte de robo registrado desde abril de 2026 en el estado de Jalisco.<\/p>\n\n\n\n<h2 class=\"wp-block-heading\"><strong>Despliegue federal ante la escalada de violencia en la regi\u00f3n<\/strong><\/h2>\n\n\n\n<p class=\"wp-block-paragraph\">Frente a la gravedad del suceso, el Gabinete de Seguridad del Gobierno de M\u00e9xico \u2014integrado por la Secretar\u00eda de Seguridad y Protecci\u00f3n Ciudadana, la Defensa, la Marina, la Guardia Nacional y la Fiscal\u00eda General de la Rep\u00fablica (FGR)\u2014 se sum\u00f3 a las indagatorias y al reforzamiento de la vigilancia en la zona.<\/p>\n\n\n\n<p class=\"wp-block-paragraph\">Por su parte, Reyes Mug\u00fcerza reiter\u00f3 el compromiso institucional para contener a los grupos delictivos que disputan el control territorial en la entidad. El empleo de veh\u00edculos con explosivos evidencia una peligrosa intensificaci\u00f3n en las t\u00e1cticas de la delincuencia organizada en Zacatecas, punto estrat\u00e9gico en las rutas del narcotr\u00e1fico disputado entre el CJNG y el C\u00e1rtel del Pac\u00edfico.<\/p>\n","protected":false},"excerpt":{"rendered":"<p>\ud83d\udcc5 2 de septiembre de 2026 Autoridades mexicanas lograron la detenci\u00f3n de un individuo presuntamente involucrado en el atentado con un veh\u00edculo cargado con explosivos contra la Comandancia de la Polic\u00eda Municipal de Ojocaliente, Zacatecas. La captura fue confirmada por el Secretario General de Gobierno del estado, Rodrigo Reyes Mug\u00fcerza, como resultado de los operativos [&hellip;]<\/p>\n","protected":false},"author":3,"featured_media":122776,"comment_status":"open","ping_status":"closed","sticky":false,"template":"","format":"link","meta":{"om_disable_all_campaigns":false,"_monsterinsights_skip_tracking":false,"_uf_show_specific_survey":0,"_uf_disable_surveys":false,"footnotes":""},"categories":[3,4],"tags":[],"class_list":["post-122775","post","type-post","status-publish","format-link","has-post-thumbnail","hentry","category-culture","category-portada","post_format-post-format-link","has-thumb"],"_links":{"self":[{"href":"https:\/\/elsemanariodenuevoleon.com.mx\/portal\/wp-json\/wp\/v2\/posts\/122775","targetHints":{"allow":["GET"]}}],"collection":[{"href":"https:\/\/elsemanariodenuevoleon.com.mx\/portal\/wp-json\/wp\/v2\/posts"}],"about":[{"href":"https:\/\/elsemanariodenuevoleon.com.mx\/portal\/wp-json\/wp\/v2\/types\/post"}],"author":[{"embeddable":true,"href":"https:\/\/elsemanariodenuevoleon.com.mx\/portal\/wp-json\/wp\/v2\/users\/3"}],"replies":[{"embeddable":true,"href":"https:\/\/elsemanariodenuevoleon.com.mx\/portal\/wp-json\/wp\/v2\/comments?post=122775"}],"version-history":[{"count":1,"href":"https:\/\/elsemanariodenuevoleon.com.mx\/portal\/wp-json\/wp\/v2\/posts\/122775\/revisions"}],"predecessor-version":[{"id":122777,"href":"https:\/\/elsemanariodenuevoleon.com.mx\/portal\/wp-json\/wp\/v2\/posts\/122775\/revisions\/122777"}],"wp:featuredmedia":[{"embeddable":true,"href":"https:\/\/elsemanariodenuevoleon.com.mx\/portal\/wp-json\/wp\/v2\/media\/122776"}],"wp:attachment":[{"href":"https:\/\/elsemanariodenuevoleon.com.mx\/portal\/wp-json\/wp\/v2\/media?parent=122775"}],"wp:term":[{"taxonomy":"category","embeddable":true,"href":"https:\/\/elsemanariodenuevoleon.com.mx\/portal\/wp-json\/wp\/v2\/categories?post=122775"},{"taxonomy":"post_tag","embeddable":true,"href":"https:\/\/elsemanariodenuevoleon.com.mx\/portal\/wp-json\/wp\/v2\/tags?post=122775"}],"curies":[{"name":"wp","href":"https:\/\/api.w.org\/{rel}","templated":true}]}}