{"id":122778,"date":"2026-09-02T12:59:52","date_gmt":"2026-09-02T18:59:52","guid":{"rendered":"https:\/\/elsemanariodenuevoleon.com.mx\/portal\/?p=122778"},"modified":"2026-09-02T12:59:53","modified_gmt":"2026-09-02T18:59:53","slug":"registra-pemex-su-nivel-de-produccion-de-crudo-mas-bajo-en-47-anos-advierte-gabriel-becerra","status":"publish","type":"post","link":"https:\/\/elsemanariodenuevoleon.com.mx\/portal\/registra-pemex-su-nivel-de-produccion-de-crudo-mas-bajo-en-47-anos-advierte-gabriel-becerra\/","title":{"rendered":"Registra Pemex su nivel de producci\u00f3n de crudo m\u00e1s bajo en 47 a\u00f1os, advierte Gabriel Becerra"},"content":{"rendered":"\n<p class=\"wp-block-paragraph\">\ud83d\udcc5 2 de septiembre de 2026<\/p>\n\n\n\n<p class=\"wp-block-paragraph\">La producci\u00f3n de petr\u00f3leo crudo de Petr\u00f3leos Mexicanos (Pemex) cay\u00f3 a $1.36$ millones de barriles diarios, una cifra que representa el nivel de extracci\u00f3n m\u00e1s bajo registrado en los \u00faltimos 47 a\u00f1os y coloca a la petrolera en indicadores previos a la entrada en operaci\u00f3n del yacimiento Cantarell a principios de la d\u00e9cada de 1980, afirm\u00f3 el especialista en el sector energ\u00e9tico Gabriel Becerra Dingler.<\/p>\n\n\n\n<p class=\"wp-block-paragraph\">En entrevista para el espacio <em>Aristegui en Vivo<\/em>, Becerra Dingler analiz\u00f3 el reporte difundido por la agencia <em>Bloomberg<\/em>, se\u00f1alando que el dato se hizo p\u00fablico justo despu\u00e9s de la presentaci\u00f3n del Segundo Informe de Gobierno de la presidenta Claudia Sheinbaum. El analista subray\u00f3 la trascendencia de la cifra al ser un m\u00ednimo hist\u00f3rico que podr\u00eda remitirse a niveles observados hacia 1975.<\/p>\n\n\n\n<h2 class=\"wp-block-heading\"><strong>Cuestionan demoras en publicaciones y modificaciones en reportes oficiales<\/strong><\/h2>\n\n\n\n<p class=\"wp-block-paragraph\">El especialista, con 14 a\u00f1os de trayectoria en el rubro energ\u00e9tico, expres\u00f3 su preocupaci\u00f3n por el inusual retraso en la difusi\u00f3n de los datos oficiales de producci\u00f3n por parte de Pemex, advirtiendo que de manera sistem\u00e1tica se han incrementado los obst\u00e1culos para acceder a la informaci\u00f3n del sector.<\/p>\n\n\n\n<p class=\"wp-block-paragraph\">Becerra Dingler detall\u00f3 c\u00f3mo se ha modificado la metodolog\u00eda de reporte para matizar la ca\u00edda en la extracci\u00f3n de hidrocarburos:<\/p>\n\n\n\n<ul class=\"wp-block-list\">\n<li><strong>Inclusi\u00f3n de condensados (2022):<\/strong> Pemex comenz\u00f3 a sumar los l\u00edquidos derivados de la extracci\u00f3n de gas \u2014los cuales no son petr\u00f3leo crudo\u2014 bajo el concepto de &#8220;producci\u00f3n de l\u00edquidos&#8221;.<\/li>\n\n\n\n<li><strong>Mezcla con crudo s\u00faper ligero (2022-2023):<\/strong> Tras una serie de accidentes en plataformas del Golfo de M\u00e9xico y al aproximarse la producci\u00f3n a $1.5$ millones de barriles, se agruparon los condensados con el crudo s\u00faper ligero, dificultando la diferenciaci\u00f3n de vol\u00famenes.<\/li>\n\n\n\n<li><strong>Integraci\u00f3n regulatoria:<\/strong> Tras la extinci\u00f3n de la Comisi\u00f3n Nacional de Hidrocarburos (CNH) y la Comisi\u00f3n Reguladora de Energ\u00eda (CRE) para integrarse en la Comisi\u00f3n Nacional de Energ\u00eda, los datos pasaron a la Secretar\u00eda de Energ\u00eda, reduciendo el nivel de desagregaci\u00f3n p\u00fablica.<\/li>\n<\/ul>\n\n\n\n<h3 class=\"wp-block-heading\"><strong>&#8220;Transparencia no funcional&#8221; y riesgos para las finanzas de Pemex<\/strong><\/h3>\n\n\n\n<p class=\"wp-block-paragraph\">El analista calific\u00f3 la situaci\u00f3n actual como una &#8220;transparencia no funcional&#8221;, ejemplificando con las actas del Consejo de Administraci\u00f3n de Pemex reservadas por seguridad nacional o la falta de acceso a las alertas cr\u00edticas del Sistema Nacional de Control de Energ\u00eda (SENACE). Mencion\u00f3 que esta falta de datos impide verificar de forma independiente eventos como el reciente apag\u00f3n en el sureste mexicano, atribuido por la CFE a actos de vandalismo.<\/p>\n\n\n\n<p class=\"wp-block-paragraph\">Asimismo, advirti\u00f3 sobre el riesgo de no poder verificar si las cifras reportadas incluyen agua emulsionada con el crudo, pr\u00e1ctica observada en administraciones pasadas. &#8220;El mayor ingreso de Pemex es la venta de crudo y si no tenemos crudo suficiente para comercializar o bien para alimentar las refiner\u00edas, nos habla que tenemos un problema serio&#8221;, concluy\u00f3 Becerra Dingler.<\/p>\n","protected":false},"excerpt":{"rendered":"<p>\ud83d\udcc5 2 de septiembre de 2026 La producci\u00f3n de petr\u00f3leo crudo de Petr\u00f3leos Mexicanos (Pemex) cay\u00f3 a $1.36$ millones de barriles diarios, una cifra que representa el nivel de extracci\u00f3n m\u00e1s bajo registrado en los \u00faltimos 47 a\u00f1os y coloca a la petrolera en indicadores previos a la entrada en operaci\u00f3n del yacimiento Cantarell a [&hellip;]<\/p>\n","protected":false},"author":3,"featured_media":122779,"comment_status":"open","ping_status":"closed","sticky":false,"template":"","format":"link","meta":{"om_disable_all_campaigns":false,"_monsterinsights_skip_tracking":false,"_uf_show_specific_survey":0,"_uf_disable_surveys":false,"footnotes":""},"categories":[3,4],"tags":[243],"class_list":["post-122778","post","type-post","status-publish","format-link","has-post-thumbnail","hentry","category-culture","category-portada","tag-noticias","post_format-post-format-link","has-thumb"],"_links":{"self":[{"href":"https:\/\/elsemanariodenuevoleon.com.mx\/portal\/wp-json\/wp\/v2\/posts\/122778","targetHints":{"allow":["GET"]}}],"collection":[{"href":"https:\/\/elsemanariodenuevoleon.com.mx\/portal\/wp-json\/wp\/v2\/posts"}],"about":[{"href":"https:\/\/elsemanariodenuevoleon.com.mx\/portal\/wp-json\/wp\/v2\/types\/post"}],"author":[{"embeddable":true,"href":"https:\/\/elsemanariodenuevoleon.com.mx\/portal\/wp-json\/wp\/v2\/users\/3"}],"replies":[{"embeddable":true,"href":"https:\/\/elsemanariodenuevoleon.com.mx\/portal\/wp-json\/wp\/v2\/comments?post=122778"}],"version-history":[{"count":1,"href":"https:\/\/elsemanariodenuevoleon.com.mx\/portal\/wp-json\/wp\/v2\/posts\/122778\/revisions"}],"predecessor-version":[{"id":122780,"href":"https:\/\/elsemanariodenuevoleon.com.mx\/portal\/wp-json\/wp\/v2\/posts\/122778\/revisions\/122780"}],"wp:featuredmedia":[{"embeddable":true,"href":"https:\/\/elsemanariodenuevoleon.com.mx\/portal\/wp-json\/wp\/v2\/media\/122779"}],"wp:attachment":[{"href":"https:\/\/elsemanariodenuevoleon.com.mx\/portal\/wp-json\/wp\/v2\/media?parent=122778"}],"wp:term":[{"taxonomy":"category","embeddable":true,"href":"https:\/\/elsemanariodenuevoleon.com.mx\/portal\/wp-json\/wp\/v2\/categories?post=122778"},{"taxonomy":"post_tag","embeddable":true,"href":"https:\/\/elsemanariodenuevoleon.com.mx\/portal\/wp-json\/wp\/v2\/tags?post=122778"}],"curies":[{"name":"wp","href":"https:\/\/api.w.org\/{rel}","templated":true}]}}