{"id":122782,"date":"2026-09-02T13:34:26","date_gmt":"2026-09-02T19:34:26","guid":{"rendered":"https:\/\/elsemanariodenuevoleon.com.mx\/portal\/?p=122782"},"modified":"2026-09-02T13:34:27","modified_gmt":"2026-09-02T19:34:27","slug":"tragedia-en-la-musica-asesinan-a-fundador-de-camilo-septimo-junto-a-su-esposa-e-hija-en-atizapan","status":"publish","type":"post","link":"https:\/\/elsemanariodenuevoleon.com.mx\/portal\/tragedia-en-la-musica-asesinan-a-fundador-de-camilo-septimo-junto-a-su-esposa-e-hija-en-atizapan\/","title":{"rendered":"Tragedia en la m\u00fasica: asesinan a fundador de Camilo S\u00e9ptimo junto a su esposa e hija en Atizap\u00e1n"},"content":{"rendered":"\n<p class=\"wp-block-paragraph\">\ud83d\udcc5 2 de septiembre de 2026<\/p>\n\n\n\n<p class=\"wp-block-paragraph\">Jonathan Samuel Mel\u00e9ndez Ochoa, tecladista, compositor y fundador de la emblem\u00e1tica banda de rock mexicano Camilo S\u00e9ptimo, fue asesinado junto con su esposa de 35 a\u00f1os (quien contaba con cuatro meses de gestaci\u00f3n), su hija de tres a\u00f1os de edad y una mujer de 21 a\u00f1os perteneciente al personal de servicio. El multihomicidio ocurri\u00f3 al interior de su penthouse en el fraccionamiento residencial Grand Viure, ubicado en la zona de alta plusval\u00eda de Zona Esmeralda, en el municipio de Atizap\u00e1n de Zaragoza, Estado de M\u00e9xico.<\/p>\n\n\n\n<p class=\"wp-block-paragraph\">Tras un operativo conjunto entre la Fiscal\u00eda General de Justicia del Estado de M\u00e9xico (FGJEM), la Secretar\u00eda de Seguridad y Protecci\u00f3n Ciudadana (SSPC) y la Secretar\u00eda de Seguridad Ciudadana de la Ciudad de M\u00e9xico (SSC-CDMX), se concret\u00f3 la detenci\u00f3n de dos hombres: Diego Sebasti\u00e1n &#8216;N&#8217;, socio del m\u00fasico e identificado como probable autor material e intelectual del crimen, y Gerardo &#8216;N&#8217;, investigado por su presunta coautor\u00eda en los hechos.<\/p>\n\n\n\n<h2 class=\"wp-block-heading\"><strong>Abuso de confianza y alerta previa a las autoridades<\/strong><\/h2>\n\n\n\n<p class=\"wp-block-paragraph\">Seg\u00fan las indagatorias policiales, la tarde del martes 1 de septiembre, entre las 17:30 y las 19:40 horas, los agresores ingresaron al inmueble aprovechando la relaci\u00f3n de confianza que Diego Sebasti\u00e1n &#8216;N&#8217; manten\u00eda con el artista. Horas antes del ataque, Mel\u00e9ndez Ochoa advirti\u00f3 a un amigo cercano que se reunir\u00eda con su socio para tratar desacuerdos y problemas entre ambos, pidi\u00e9ndole que alertara a la polic\u00eda si no volv\u00eda a comunicarse.<\/p>\n\n\n\n<p class=\"wp-block-paragraph\">Ante la falta de respuesta telef\u00f3nica, el conocido acudi\u00f3 al complejo residencial hacia las 23:50 horas del martes, descubriendo la escena del crimen y notificando a los cuerpos de seguridad municipal.<\/p>\n\n\n\n<figure class=\"wp-block-image size-large\"><img loading=\"lazy\" decoding=\"async\" width=\"1024\" height=\"887\" src=\"https:\/\/elsemanariodenuevoleon.com.mx\/portal\/wp-content\/uploads\/2026\/09\/HROxX8sboAAYfDE-1024x887.jpg\" alt=\"\" class=\"wp-image-122784\" srcset=\"https:\/\/elsemanariodenuevoleon.com.mx\/portal\/wp-content\/uploads\/2026\/09\/HROxX8sboAAYfDE-1024x887.jpg 1024w, https:\/\/elsemanariodenuevoleon.com.mx\/portal\/wp-content\/uploads\/2026\/09\/HROxX8sboAAYfDE-300x260.jpg 300w, https:\/\/elsemanariodenuevoleon.com.mx\/portal\/wp-content\/uploads\/2026\/09\/HROxX8sboAAYfDE-768x665.jpg 768w, https:\/\/elsemanariodenuevoleon.com.mx\/portal\/wp-content\/uploads\/2026\/09\/HROxX8sboAAYfDE-1536x1331.jpg 1536w, https:\/\/elsemanariodenuevoleon.com.mx\/portal\/wp-content\/uploads\/2026\/09\/HROxX8sboAAYfDE.jpg 2048w\" sizes=\"auto, (max-width: 1024px) 100vw, 1024px\" \/><\/figure>\n\n\n\n<h3 class=\"wp-block-heading\"><strong>Detalles del hallazgo al interior del inmueble<\/strong><\/h3>\n\n\n\n<p class=\"wp-block-paragraph\">La FGJEM report\u00f3 las condiciones en las que fueron localizados los cuerpos y las evidencias en el departamento:<\/p>\n\n\n\n<ul class=\"wp-block-list\">\n<li><strong>V\u00edctimas mortales:<\/strong> El m\u00fasico de 38 a\u00f1os, su esposa embarazada, la menor de 3 a\u00f1os de edad y una mujer de 21 a\u00f1os.<\/li>\n\n\n\n<li><strong>Evidencia de violencia:<\/strong> Dos de los adultos fueron encontrados maniatados. Tres de las v\u00edctimas \u2014incluida la menor de edad\u2014 presentaron impactos de arma de fuego en la cabeza (extremidad cef\u00e1lica), mientras que la cuarta persona registraba una herida de bala en la espalda.<\/li>\n\n\n\n<li><strong>Mascota agredida:<\/strong> Un perro, propiedad de la familia, fue hallado maniatado dentro del domicilio.<\/li>\n\n\n\n<li><strong>Superviviente:<\/strong> Las autoridades localizaron con vida y sin signos de violencia f\u00edsico a un menor de seis a\u00f1os de edad, tambi\u00e9n hijo de la pareja.<\/li>\n<\/ul>\n\n\n\n<h2 class=\"wp-block-heading\"><strong>Trayectoria en la m\u00fasica independiente<\/strong><\/h2>\n\n\n\n<p class=\"wp-block-paragraph\">Jonathan Mel\u00e9ndez form\u00f3 en 2013 la agrupaci\u00f3n Camilo S\u00e9ptimo junto con Manuel Mendoza y Erik V\u00e1zquez. Lo que comenz\u00f3 como un proyecto independiente se consolid\u00f3 como uno de los referentes del rock y pop alternativo en M\u00e9xico, superando el mill\u00f3n 400 mil oyentes mensuales en plataformas digitales y cosechando \u00e9xitos como <em>Mi\u00e9nteme<\/em>, <em>Vicio<\/em>, <em>No conf\u00edes en m\u00ed<\/em> y <em>No te puedo olvidar<\/em>.<\/p>\n\n\n\n<p class=\"wp-block-paragraph\">Los detenidos quedaron a disposici\u00f3n del Ministerio P\u00fablico de la Fiscal\u00eda mexiquense para determinar su situaci\u00f3n jur\u00eddica y formalizar la imputaci\u00f3n por el delito de homicidio calificado.<\/p>\n","protected":false},"excerpt":{"rendered":"<p>\ud83d\udcc5 2 de septiembre de 2026 Jonathan Samuel Mel\u00e9ndez Ochoa, tecladista, compositor y fundador de la emblem\u00e1tica banda de rock mexicano Camilo S\u00e9ptimo, fue asesinado junto con su esposa de 35 a\u00f1os (quien contaba con cuatro meses de gestaci\u00f3n), su hija de tres a\u00f1os de edad y una mujer de 21 a\u00f1os perteneciente al personal [&hellip;]<\/p>\n","protected":false},"author":3,"featured_media":122783,"comment_status":"open","ping_status":"closed","sticky":false,"template":"","format":"link","meta":{"om_disable_all_campaigns":false,"_monsterinsights_skip_tracking":false,"_uf_show_specific_survey":0,"_uf_disable_surveys":false,"footnotes":""},"categories":[38,4],"tags":[],"class_list":["post-122782","post","type-post","status-publish","format-link","has-post-thumbnail","hentry","category-espectaculos","category-portada","post_format-post-format-link","has-thumb"],"_links":{"self":[{"href":"https:\/\/elsemanariodenuevoleon.com.mx\/portal\/wp-json\/wp\/v2\/posts\/122782","targetHints":{"allow":["GET"]}}],"collection":[{"href":"https:\/\/elsemanariodenuevoleon.com.mx\/portal\/wp-json\/wp\/v2\/posts"}],"about":[{"href":"https:\/\/elsemanariodenuevoleon.com.mx\/portal\/wp-json\/wp\/v2\/types\/post"}],"author":[{"embeddable":true,"href":"https:\/\/elsemanariodenuevoleon.com.mx\/portal\/wp-json\/wp\/v2\/users\/3"}],"replies":[{"embeddable":true,"href":"https:\/\/elsemanariodenuevoleon.com.mx\/portal\/wp-json\/wp\/v2\/comments?post=122782"}],"version-history":[{"count":1,"href":"https:\/\/elsemanariodenuevoleon.com.mx\/portal\/wp-json\/wp\/v2\/posts\/122782\/revisions"}],"predecessor-version":[{"id":122785,"href":"https:\/\/elsemanariodenuevoleon.com.mx\/portal\/wp-json\/wp\/v2\/posts\/122782\/revisions\/122785"}],"wp:featuredmedia":[{"embeddable":true,"href":"https:\/\/elsemanariodenuevoleon.com.mx\/portal\/wp-json\/wp\/v2\/media\/122783"}],"wp:attachment":[{"href":"https:\/\/elsemanariodenuevoleon.com.mx\/portal\/wp-json\/wp\/v2\/media?parent=122782"}],"wp:term":[{"taxonomy":"category","embeddable":true,"href":"https:\/\/elsemanariodenuevoleon.com.mx\/portal\/wp-json\/wp\/v2\/categories?post=122782"},{"taxonomy":"post_tag","embeddable":true,"href":"https:\/\/elsemanariodenuevoleon.com.mx\/portal\/wp-json\/wp\/v2\/tags?post=122782"}],"curies":[{"name":"wp","href":"https:\/\/api.w.org\/{rel}","templated":true}]}}