{"id":122786,"date":"2026-09-02T15:28:07","date_gmt":"2026-09-02T21:28:07","guid":{"rendered":"https:\/\/elsemanariodenuevoleon.com.mx\/portal\/?p=122786"},"modified":"2026-09-02T15:28:07","modified_gmt":"2026-09-02T21:28:07","slug":"exigen-a-la-alcaldia-de-monterrey-atender-184-baches-documentados-por-la-ciudadania","status":"publish","type":"post","link":"https:\/\/elsemanariodenuevoleon.com.mx\/portal\/exigen-a-la-alcaldia-de-monterrey-atender-184-baches-documentados-por-la-ciudadania\/","title":{"rendered":"Exigen a la alcald\u00eda de Monterrey atender 184 baches documentados por la ciudadan\u00eda"},"content":{"rendered":"\n<p class=\"wp-block-paragraph\">\ud83d\udcc5 2 de septiembre de 2026<\/p>\n\n\n\n<p class=\"wp-block-paragraph\">En un lapso de apenas 24 horas, habitantes de la capital neoleonesa ingresaron m\u00e1s de 80 reportes de baches ubicados en cerca de 30 colonias de Monterrey a trav\u00e9s de la iniciativa ciudadana <em>Mero Mero Bachecero<\/em>. El corte m\u00e1s reciente, presentado este 1 de septiembre, elev\u00f3 la cifra a 184 desperfectos viales contabilizados en 60 sectores de la ciudad.<\/p>\n\n\n\n<p class=\"wp-block-paragraph\">El anuncio fue encabezado desde Casa Naranja por Martha Herrera, titular de la Comisi\u00f3n Operativa Municipal de Movimiento Ciudadano (MC) en Monterrey, junto con Baltazar Mart\u00ednez, dirigente estatal emecista, y la diputada Sandra P\u00e1manes, coordinadora de la bancada Naranja en el Congreso local y secretaria General de Acuerdos del partido.<\/p>\n\n\n\n<h2 class=\"wp-block-heading\"><strong>Ciudadanos documentan rezago vial ante deficiencia en servicios p\u00fablicos<\/strong><\/h2>\n\n\n\n<p class=\"wp-block-paragraph\">La din\u00e1mica comenz\u00f3 tras la publicaci\u00f3n de un video en las redes sociales de Martha Herrera, donde se convoc\u00f3 a la ciudadan\u00eda a se\u00f1alar las imperfecciones en las vialidades aportando fotograf\u00edas y coordenadas exactas. Los datos recabados forman parte del denominado &#8220;baches\u00f3metro&#8221;, mecanismo dise\u00f1ado para fiscalizar el deterioro del pavimento en el municipio.<\/p>\n\n\n\n<p class=\"wp-block-paragraph\">Herrera destac\u00f3 que las afectaciones en las calles contin\u00faan manteni\u00e9ndose como la principal problem\u00e1tica urbana en la capital del estado, sustent\u00e1ndolo en indicadores estad\u00edsticos oficiales:<\/p>\n\n\n\n<ul class=\"wp-block-list\">\n<li><strong>Inconformidad ciudadana:<\/strong> De acuerdo con la Encuesta Nacional de Seguridad P\u00fablica Urbana (ENSU) del INEGI, 8 de cada 10 habitantes de Monterrey se\u00f1alan a los baches como la queja n\u00famero uno.<\/li>\n\n\n\n<li><strong>Reparaciones ciudadanas:<\/strong> De la muestra documentada de 184 puntos, el equipo brigadista del proyecto ha intervenido directamente para tapar 10 baches en zonas cr\u00edticas.<\/li>\n\n\n\n<li><strong>Sectores impactados:<\/strong> Entre los puntos reportados destacan la colonia Bur\u00f3cratas Federales \u2014donde los vecinos colocaban cajas de cart\u00f3n como se\u00f1alizaci\u00f3n de advertencia\u2014, la calle Julio Camelo en Valle de Santa Luc\u00eda y la calle Julio A. Roca en la colonia Francisco Villa.<\/li>\n<\/ul>\n\n\n\n<h3 class=\"wp-block-heading\"><strong>Entrega de expediente y se\u00f1alamientos a la administraci\u00f3n municipal<\/strong><\/h3>\n\n\n\n<p class=\"wp-block-paragraph\">La dirigencia emecista anunci\u00f3 la entrega de un oficio formal dirigido a la alcald\u00eda de Monterrey, encabezada por Adri\u00e1n de la Garza, el cual contiene el expediente completo con las fotograf\u00edas, calles, colonias y coordenadas geogr\u00e1ficas de los 184 baches registrados.<\/p>\n\n\n\n<p class=\"wp-block-paragraph\">Herrera critic\u00f3 que a una d\u00e9cada de que la administraci\u00f3n prometiera un programa para &#8220;terminar con los baches&#8221; en 2016, la problem\u00e1tica se mantenga o haya empeorado. Por su parte, la diputada Sandra P\u00e1manes sostuvo que el municipio incumple con sus obligaciones b\u00e1sicas estipuladas en el art\u00edculo 115 constitucional, mientras que Baltazar Mart\u00ednez recalc\u00f3 que la brigada ciudadana se mantendr\u00e1 activa recibiendo reportes mediante el sitio web <code>commonterrey.com<\/code> y las redes oficiales de la plataforma pol\u00edtica.<\/p>\n","protected":false},"excerpt":{"rendered":"<p>\ud83d\udcc5 2 de septiembre de 2026 En un lapso de apenas 24 horas, habitantes de la capital neoleonesa ingresaron m\u00e1s de 80 reportes de baches ubicados en cerca de 30 colonias de Monterrey a trav\u00e9s de la iniciativa ciudadana Mero Mero Bachecero. El corte m\u00e1s reciente, presentado este 1 de septiembre, elev\u00f3 la cifra a [&hellip;]<\/p>\n","protected":false},"author":3,"featured_media":122787,"comment_status":"open","ping_status":"closed","sticky":false,"template":"","format":"link","meta":{"om_disable_all_campaigns":false,"_monsterinsights_skip_tracking":false,"_uf_show_specific_survey":0,"_uf_disable_surveys":false,"footnotes":""},"categories":[2,4],"tags":[243],"class_list":["post-122786","post","type-post","status-publish","format-link","has-post-thumbnail","hentry","category-locales","category-portada","tag-noticias","post_format-post-format-link","has-thumb"],"_links":{"self":[{"href":"https:\/\/elsemanariodenuevoleon.com.mx\/portal\/wp-json\/wp\/v2\/posts\/122786","targetHints":{"allow":["GET"]}}],"collection":[{"href":"https:\/\/elsemanariodenuevoleon.com.mx\/portal\/wp-json\/wp\/v2\/posts"}],"about":[{"href":"https:\/\/elsemanariodenuevoleon.com.mx\/portal\/wp-json\/wp\/v2\/types\/post"}],"author":[{"embeddable":true,"href":"https:\/\/elsemanariodenuevoleon.com.mx\/portal\/wp-json\/wp\/v2\/users\/3"}],"replies":[{"embeddable":true,"href":"https:\/\/elsemanariodenuevoleon.com.mx\/portal\/wp-json\/wp\/v2\/comments?post=122786"}],"version-history":[{"count":1,"href":"https:\/\/elsemanariodenuevoleon.com.mx\/portal\/wp-json\/wp\/v2\/posts\/122786\/revisions"}],"predecessor-version":[{"id":122788,"href":"https:\/\/elsemanariodenuevoleon.com.mx\/portal\/wp-json\/wp\/v2\/posts\/122786\/revisions\/122788"}],"wp:featuredmedia":[{"embeddable":true,"href":"https:\/\/elsemanariodenuevoleon.com.mx\/portal\/wp-json\/wp\/v2\/media\/122787"}],"wp:attachment":[{"href":"https:\/\/elsemanariodenuevoleon.com.mx\/portal\/wp-json\/wp\/v2\/media?parent=122786"}],"wp:term":[{"taxonomy":"category","embeddable":true,"href":"https:\/\/elsemanariodenuevoleon.com.mx\/portal\/wp-json\/wp\/v2\/categories?post=122786"},{"taxonomy":"post_tag","embeddable":true,"href":"https:\/\/elsemanariodenuevoleon.com.mx\/portal\/wp-json\/wp\/v2\/tags?post=122786"}],"curies":[{"name":"wp","href":"https:\/\/api.w.org\/{rel}","templated":true}]}}