{"id":122789,"date":"2026-09-02T15:30:50","date_gmt":"2026-09-02T21:30:50","guid":{"rendered":"https:\/\/elsemanariodenuevoleon.com.mx\/portal\/?p=122789"},"modified":"2026-09-02T15:31:23","modified_gmt":"2026-09-02T21:31:23","slug":"proyecta-guadalupe-centro-de-atencion-ciudadana-y-complejo-deportivo-en-predio-de-remosa","status":"publish","type":"post","link":"https:\/\/elsemanariodenuevoleon.com.mx\/portal\/proyecta-guadalupe-centro-de-atencion-ciudadana-y-complejo-deportivo-en-predio-de-remosa\/","title":{"rendered":"Proyecta Guadalupe centro de atenci\u00f3n ciudadana y complejo deportivo en predio de REMOSA"},"content":{"rendered":"\n<p class=\"wp-block-paragraph\">\ud83d\udcc5 2 de septiembre de 2026<\/p>\n\n\n\n<p class=\"wp-block-paragraph\">El Municipio de Guadalupe concret\u00f3 la recuperaci\u00f3n de los terrenos que por a\u00f1os ocup\u00f3 la empresa REMOSA en la colonia El Sabino, con la finalidad de erradicar el riesgo que representaba para los habitantes del sector y convertir el espacio en un complejo de atenci\u00f3n ciudadana y convivencia familiar.<\/p>\n\n\n\n<p class=\"wp-block-paragraph\">El Alcalde H\u00e9ctor Garc\u00eda inform\u00f3 que el proyecto se desarrollar\u00e1 por etapas, iniciando con la demolici\u00f3n de estructuras perimetrales en mal estado y la habilitaci\u00f3n del edificio principal para albergar dependencias del gobierno local.<\/p>\n\n\n\n<h2 class=\"wp-block-heading\"><strong>Firma de comodato y fases del proyecto integral<\/strong><\/h2>\n\n\n\n<p class=\"wp-block-paragraph\">Tras la firma formal del convenio de comodato, la administraci\u00f3n municipal present\u00f3 ante el Cabildo la solicitud para autorizar el plan de intervenci\u00f3n y la asignaci\u00f3n de recursos necesarios para la rehabilitaci\u00f3n total del predio en los pr\u00f3ximos meses.<\/p>\n\n\n\n<p class=\"wp-block-paragraph\">\u201cLa buena noticia es que ya firmamos el comodato. Lo primero que haremos es derrumbar esas paredes y tratar de habilitar el edificio, que al menos estructuralmente est\u00e1 bien, para poner una oficina municipal\u201d, detall\u00f3 el Presidente Municipal.<\/p>\n\n\n\n<h3 class=\"wp-block-heading\"><strong>Infraestructura comunitaria y espacios deportivos<\/strong><\/h3>\n\n\n\n<p class=\"wp-block-paragraph\">Posterior a la apertura de las oficinas de atenci\u00f3n ciudadana, el proyecto contempla la construcci\u00f3n de \u00e1reas recreativas en el resto del terreno:<\/p>\n\n\n\n<ul class=\"wp-block-list\">\n<li><strong>Primera etapa:<\/strong> Demolici\u00f3n de muros de riesgo y adecuaci\u00f3n del edificio existente para oficinas administrativas municipales.<\/li>\n\n\n\n<li><strong>Segunda etapa:<\/strong> Edificaci\u00f3n de canchas de usos m\u00faltiples y \u00e1reas verdes orientadas al deporte, esparcimiento y fortalecimiento del tejido social de El Sabino.<\/li>\n<\/ul>\n\n\n\n<figure class=\"wp-block-gallery has-nested-images columns-default is-cropped wp-block-gallery-1 is-layout-flex wp-block-gallery-is-layout-flex\">\n<figure class=\"wp-block-image size-full\"><img loading=\"lazy\" decoding=\"async\" width=\"700\" height=\"466\" data-id=\"122792\" src=\"https:\/\/elsemanariodenuevoleon.com.mx\/portal\/wp-content\/uploads\/2026\/09\/WhatsApp-Image-2026-09-02-at-3.20.58-PM.jpeg\" alt=\"\" class=\"wp-image-122792\" srcset=\"https:\/\/elsemanariodenuevoleon.com.mx\/portal\/wp-content\/uploads\/2026\/09\/WhatsApp-Image-2026-09-02-at-3.20.58-PM.jpeg 700w, https:\/\/elsemanariodenuevoleon.com.mx\/portal\/wp-content\/uploads\/2026\/09\/WhatsApp-Image-2026-09-02-at-3.20.58-PM-300x200.jpeg 300w\" sizes=\"auto, (max-width: 700px) 100vw, 700px\" \/><\/figure>\n\n\n\n<figure class=\"wp-block-image size-full\"><img loading=\"lazy\" decoding=\"async\" width=\"700\" height=\"466\" data-id=\"122793\" src=\"https:\/\/elsemanariodenuevoleon.com.mx\/portal\/wp-content\/uploads\/2026\/09\/WhatsApp-Image-2026-09-02-at-3.20.59-PM.jpeg\" alt=\"\" class=\"wp-image-122793\" srcset=\"https:\/\/elsemanariodenuevoleon.com.mx\/portal\/wp-content\/uploads\/2026\/09\/WhatsApp-Image-2026-09-02-at-3.20.59-PM.jpeg 700w, https:\/\/elsemanariodenuevoleon.com.mx\/portal\/wp-content\/uploads\/2026\/09\/WhatsApp-Image-2026-09-02-at-3.20.59-PM-300x200.jpeg 300w\" sizes=\"auto, (max-width: 700px) 100vw, 700px\" \/><\/figure>\n<\/figure>\n","protected":false},"excerpt":{"rendered":"<p>\ud83d\udcc5 2 de septiembre de 2026 El Municipio de Guadalupe concret\u00f3 la recuperaci\u00f3n de los terrenos que por a\u00f1os ocup\u00f3 la empresa REMOSA en la colonia El Sabino, con la finalidad de erradicar el riesgo que representaba para los habitantes del sector y convertir el espacio en un complejo de atenci\u00f3n ciudadana y convivencia familiar. [&hellip;]<\/p>\n","protected":false},"author":3,"featured_media":122790,"comment_status":"open","ping_status":"closed","sticky":false,"template":"","format":"link","meta":{"om_disable_all_campaigns":false,"_monsterinsights_skip_tracking":false,"_uf_show_specific_survey":0,"_uf_disable_surveys":false,"footnotes":""},"categories":[2,4],"tags":[],"class_list":["post-122789","post","type-post","status-publish","format-link","has-post-thumbnail","hentry","category-locales","category-portada","post_format-post-format-link","has-thumb"],"_links":{"self":[{"href":"https:\/\/elsemanariodenuevoleon.com.mx\/portal\/wp-json\/wp\/v2\/posts\/122789","targetHints":{"allow":["GET"]}}],"collection":[{"href":"https:\/\/elsemanariodenuevoleon.com.mx\/portal\/wp-json\/wp\/v2\/posts"}],"about":[{"href":"https:\/\/elsemanariodenuevoleon.com.mx\/portal\/wp-json\/wp\/v2\/types\/post"}],"author":[{"embeddable":true,"href":"https:\/\/elsemanariodenuevoleon.com.mx\/portal\/wp-json\/wp\/v2\/users\/3"}],"replies":[{"embeddable":true,"href":"https:\/\/elsemanariodenuevoleon.com.mx\/portal\/wp-json\/wp\/v2\/comments?post=122789"}],"version-history":[{"count":2,"href":"https:\/\/elsemanariodenuevoleon.com.mx\/portal\/wp-json\/wp\/v2\/posts\/122789\/revisions"}],"predecessor-version":[{"id":122794,"href":"https:\/\/elsemanariodenuevoleon.com.mx\/portal\/wp-json\/wp\/v2\/posts\/122789\/revisions\/122794"}],"wp:featuredmedia":[{"embeddable":true,"href":"https:\/\/elsemanariodenuevoleon.com.mx\/portal\/wp-json\/wp\/v2\/media\/122790"}],"wp:attachment":[{"href":"https:\/\/elsemanariodenuevoleon.com.mx\/portal\/wp-json\/wp\/v2\/media?parent=122789"}],"wp:term":[{"taxonomy":"category","embeddable":true,"href":"https:\/\/elsemanariodenuevoleon.com.mx\/portal\/wp-json\/wp\/v2\/categories?post=122789"},{"taxonomy":"post_tag","embeddable":true,"href":"https:\/\/elsemanariodenuevoleon.com.mx\/portal\/wp-json\/wp\/v2\/tags?post=122789"}],"curies":[{"name":"wp","href":"https:\/\/api.w.org\/{rel}","templated":true}]}}