{"id":122795,"date":"2026-09-02T16:29:07","date_gmt":"2026-09-02T22:29:07","guid":{"rendered":"https:\/\/elsemanariodenuevoleon.com.mx\/portal\/?p=122795"},"modified":"2026-09-02T16:29:08","modified_gmt":"2026-09-02T22:29:08","slug":"advierte-pan-con-acudir-a-la-scjn-si-samuel-garcia-no-publica-seis-decretos-pendientes","status":"publish","type":"post","link":"https:\/\/elsemanariodenuevoleon.com.mx\/portal\/advierte-pan-con-acudir-a-la-scjn-si-samuel-garcia-no-publica-seis-decretos-pendientes\/","title":{"rendered":"Advierte PAN con acudir a la SCJN si Samuel Garc\u00eda no publica seis decretos pendientes"},"content":{"rendered":"\n<p class=\"wp-block-paragraph\">\ud83d\udcc5 2 de septiembre de 2026<\/p>\n\n\n\n<p class=\"wp-block-paragraph\">El Congreso del Estado de Nuevo Le\u00f3n aprob\u00f3 un exhorto dirigido al Gobernador Samuel Garc\u00eda Sep\u00falveda para que efect\u00fae la publicaci\u00f3n en el Peri\u00f3dico Oficial del Estado de seis decretos legislativos vetados por el Ejecutivo, luego de que la Suprema Corte de Justicia de la Naci\u00f3n (SCJN) reconociera la validez constitucional del procedimiento parlamentario.<\/p>\n\n\n\n<p class=\"wp-block-paragraph\">El Punto de Acuerdo fue presentado durante la sesi\u00f3n ordinaria por el coordinador de la bancada del Partido Acci\u00f3n Nacional (PAN), Carlos de la Fuente Flores, y result\u00f3 aprobado por el Pleno con 28 votos a favor y 9 en contra, correspondientes a los integrantes de la bancada de Movimiento Ciudadano.<\/p>\n\n\n\n<h2 class=\"wp-block-heading\"><strong>Advierten posibles sanciones ante la SCJN por incumplimiento<\/strong><\/h2>\n\n\n\n<p class=\"wp-block-paragraph\">Al hacer uso de la palabra, el legislador panista puntualiz\u00f3 que el mandamiento de publicaci\u00f3n deriva del fallo emitido por el m\u00e1ximo tribunal del pa\u00eds tras desestimar la controversia constitucional promovida por el Gobierno Estatal en 2023.<\/p>\n\n\n\n<p class=\"wp-block-paragraph\">&#8220;Ya no es un tema de si quiere o no quiere. Si no lo hace, le vamos a pedir a la Corte que sancione al Gobernador por un desacato, como lo ha hecho en otras ocasiones. La Corte resolvi\u00f3 una situaci\u00f3n en la que el Estado meti\u00f3 una controversia en 2023. Esto no significa un nuevo acto jur\u00eddico; es solamente un recordatorio de lo que acaba de concluir la Corte&#8221;, asever\u00f3 De la Fuente Flores.<\/p>\n\n\n\n<h3 class=\"wp-block-heading\"><strong>Los seis decretos avalados por el M\u00e1ximo Tribunal<\/strong><\/h3>\n\n\n\n<p class=\"wp-block-paragraph\">Las normativas aprobadas por la LXXVI Legislatura que deber\u00e1n ser promulgadas corresponden a los Decretos Legislativos 118, 139, 148, 151, 184 y 263, e incluyen las siguientes materias:<\/p>\n\n\n\n<ul class=\"wp-block-list\">\n<li><strong>Designaciones fiscales:<\/strong> Reformas a la Ley de Hacienda del Estado para que la persona titular de la Subsecretar\u00eda de Administraci\u00f3n Tributaria (SAT) sea ratificada por el Congreso.<\/li>\n\n\n\n<li><strong>Gobierno corporativo:<\/strong> Ajustes a la conformaci\u00f3n del Consejo de Administraci\u00f3n de Servicios de Agua y Drenaje de Monterrey.<\/li>\n\n\n\n<li><strong>Movilidad e infraestructura:<\/strong> Modificaciones a las leyes en la materia vinculadas con la factibilidad de obras, infraestructura ciclista y uso de ciclov\u00edas.<\/li>\n\n\n\n<li><strong>Licitaciones y seguridad:<\/strong> Cambios a la Ley de Adquisiciones para dar certeza a los procesos licitatorios en tareas de seguridad p\u00fablica.<\/li>\n\n\n\n<li><strong>Patrimonio y Poder Legislativo:<\/strong> Reformas a la Ley de Patrimonio Cultural relativas a peleas de gallos y tauromaquia, as\u00ed como modificaciones a la Ley Org\u00e1nica del Poder Legislativo para la creaci\u00f3n del Centro de Estudios Econ\u00f3micos del Congreso.<\/li>\n<\/ul>\n","protected":false},"excerpt":{"rendered":"<p>\ud83d\udcc5 2 de septiembre de 2026 El Congreso del Estado de Nuevo Le\u00f3n aprob\u00f3 un exhorto dirigido al Gobernador Samuel Garc\u00eda Sep\u00falveda para que efect\u00fae la publicaci\u00f3n en el Peri\u00f3dico Oficial del Estado de seis decretos legislativos vetados por el Ejecutivo, luego de que la Suprema Corte de Justicia de la Naci\u00f3n (SCJN) reconociera la [&hellip;]<\/p>\n","protected":false},"author":3,"featured_media":122796,"comment_status":"open","ping_status":"closed","sticky":false,"template":"","format":"link","meta":{"om_disable_all_campaigns":false,"_monsterinsights_skip_tracking":false,"_uf_show_specific_survey":0,"_uf_disable_surveys":false,"footnotes":""},"categories":[2,4],"tags":[],"class_list":["post-122795","post","type-post","status-publish","format-link","has-post-thumbnail","hentry","category-locales","category-portada","post_format-post-format-link","has-thumb"],"_links":{"self":[{"href":"https:\/\/elsemanariodenuevoleon.com.mx\/portal\/wp-json\/wp\/v2\/posts\/122795","targetHints":{"allow":["GET"]}}],"collection":[{"href":"https:\/\/elsemanariodenuevoleon.com.mx\/portal\/wp-json\/wp\/v2\/posts"}],"about":[{"href":"https:\/\/elsemanariodenuevoleon.com.mx\/portal\/wp-json\/wp\/v2\/types\/post"}],"author":[{"embeddable":true,"href":"https:\/\/elsemanariodenuevoleon.com.mx\/portal\/wp-json\/wp\/v2\/users\/3"}],"replies":[{"embeddable":true,"href":"https:\/\/elsemanariodenuevoleon.com.mx\/portal\/wp-json\/wp\/v2\/comments?post=122795"}],"version-history":[{"count":1,"href":"https:\/\/elsemanariodenuevoleon.com.mx\/portal\/wp-json\/wp\/v2\/posts\/122795\/revisions"}],"predecessor-version":[{"id":122797,"href":"https:\/\/elsemanariodenuevoleon.com.mx\/portal\/wp-json\/wp\/v2\/posts\/122795\/revisions\/122797"}],"wp:featuredmedia":[{"embeddable":true,"href":"https:\/\/elsemanariodenuevoleon.com.mx\/portal\/wp-json\/wp\/v2\/media\/122796"}],"wp:attachment":[{"href":"https:\/\/elsemanariodenuevoleon.com.mx\/portal\/wp-json\/wp\/v2\/media?parent=122795"}],"wp:term":[{"taxonomy":"category","embeddable":true,"href":"https:\/\/elsemanariodenuevoleon.com.mx\/portal\/wp-json\/wp\/v2\/categories?post=122795"},{"taxonomy":"post_tag","embeddable":true,"href":"https:\/\/elsemanariodenuevoleon.com.mx\/portal\/wp-json\/wp\/v2\/tags?post=122795"}],"curies":[{"name":"wp","href":"https:\/\/api.w.org\/{rel}","templated":true}]}}