{"id":122799,"date":"2026-09-03T11:59:51","date_gmt":"2026-09-03T17:59:51","guid":{"rendered":"https:\/\/elsemanariodenuevoleon.com.mx\/portal\/?p=122799"},"modified":"2026-09-03T11:59:52","modified_gmt":"2026-09-03T17:59:52","slug":"cae-celula-delictiva-en-sabinas-hidalgo-tras-operativos-de-fuerza-civil-defensa-y-guardia-nacional","status":"publish","type":"post","link":"https:\/\/elsemanariodenuevoleon.com.mx\/portal\/cae-celula-delictiva-en-sabinas-hidalgo-tras-operativos-de-fuerza-civil-defensa-y-guardia-nacional\/","title":{"rendered":"Cae c\u00e9lula delictiva en Sabinas Hidalgo tras operativos de Fuerza Civil, Defensa y Guardia Nacional"},"content":{"rendered":"\n<p class=\"wp-block-paragraph\">\ud83d\udcc5 3 de septiembre de 2026<\/p>\n\n\n\n<p class=\"wp-block-paragraph\">En una acci\u00f3n coordinada entre la Divisi\u00f3n de Investigaci\u00f3n e Inteligencia de Fuerza Civil, la Secretar\u00eda de la Defensa Nacional (Defensa) y la Guardia Nacional, las autoridades lograron la detenci\u00f3n de seis personas armadas \u2014entre ellas una menor de edad\u2014 se\u00f1aladas como presuntas integrantes de un grupo delictivo con presencia en el norte del pa\u00eds.<\/p>\n\n\n\n<p class=\"wp-block-paragraph\">La captura fue resultado de tres operativos estrat\u00e9gicos simult\u00e1neos implementados este mi\u00e9rcoles en el municipio de Sabinas Hidalgo, Nuevo Le\u00f3n, derivados de labores de inteligencia e intercambio de informaci\u00f3n t\u00e1ctica entre los tres \u00f3rdenes de gobierno.<\/p>\n\n\n\n<h2 class=\"wp-block-heading\"><strong>Intervenciones estrat\u00e9gicas en tres colonias de Sabinas Hidalgo<\/strong><\/h2>\n\n\n\n<p class=\"wp-block-paragraph\">El despliegue de las fuerzas estatales y federales se concret\u00f3 en puntos clave identified previamente mediante el seguimiento del entorno f\u00edsico que frecuentaban los sospechosos:<\/p>\n\n\n\n<ul class=\"wp-block-list\">\n<li><strong>Colonia Pablo de los Santos:<\/strong> En el cruce de las calles Adolfo Garza y Marcelino de la Garza, los efectivos interceptaron una camioneta BMW con placas del Estado de Texas, EEUU. Tras marcarle el alto, se detuvo a Yessika \u201cN\u201d (43 a\u00f1os), Ra\u00fal \u201cN\u201d (21 a\u00f1os) y a una adolescente de 15 a\u00f1os. Se les asegur\u00f3 un arma larga, dos armas cortas, tres cargadores, dosis de marihuana y coca\u00edna, dos radiofrecuencias, cinco tel\u00e9fonos celulares y dinero en efectivo.<\/li>\n\n\n\n<li><strong>Colonia El Sendero:<\/strong> Sobre las calles Rancho Las Enramadas y Rancho Santa Rosa, los agentes abordaron a dos hombres armados que intentaban abordar un veh\u00edculo Chevrolet Malib\u00fa sin placas. Los detenidos fueron identificados como Jos\u00e9 \u201cN\u201d (38 a\u00f1os) y Guadalupe \u201cN\u201d (18 a\u00f1os), a quienes se les decomis\u00f3 un arma larga, una r\u00e9plica de arma corta, cuatro cargadores y envoltorios con marihuana y cristal.<\/li>\n\n\n\n<li><strong>Colonia Leopoldo Gonz\u00e1lez:<\/strong> En el cruce de Juan Reyes Molina y General Francisco Carvajal, se concret\u00f3 la detenci\u00f3n de Daniel \u201cN\u201d (21 a\u00f1os), quien vest\u00eda indumentaria y equipo t\u00e1ctico. Al momento de su revisi\u00f3n llevaba consigo un arma corta, cinco cargadores y un chaleco bal\u00edstico.<\/li>\n<\/ul>\n\n\n\n<h3 class=\"wp-block-heading\"><strong>Puesta a disposici\u00f3n ante las autoridades competentes<\/strong><\/h3>\n\n\n\n<p class=\"wp-block-paragraph\">Las autoridades informaron que los seis detenidos son investigados por su presunta participaci\u00f3n como generadores de violencia en la regi\u00f3n norte de la entidad.<\/p>\n\n\n\n<p class=\"wp-block-paragraph\">Los cinco adultos fueron puestos a disposici\u00f3n del Ministerio P\u00fablico Federal para la integraci\u00f3n de la carpeta de investigaci\u00f3n y la definici\u00f3n de su situaci\u00f3n jur\u00eddica. Por su parte, la adolescente de 15 a\u00f1os fue canalizada ante las autoridades especializadas en justicia para adolescentes para la atenci\u00f3n de su caso.<\/p>\n\n\n\n<figure class=\"wp-block-image size-large\"><img loading=\"lazy\" decoding=\"async\" width=\"1024\" height=\"458\" src=\"https:\/\/elsemanariodenuevoleon.com.mx\/portal\/wp-content\/uploads\/2026\/09\/WhatsApp-Image-2026-09-03-at-9.52.37-AM-1024x458.jpeg\" alt=\"\" class=\"wp-image-122801\" srcset=\"https:\/\/elsemanariodenuevoleon.com.mx\/portal\/wp-content\/uploads\/2026\/09\/WhatsApp-Image-2026-09-03-at-9.52.37-AM-1024x458.jpeg 1024w, https:\/\/elsemanariodenuevoleon.com.mx\/portal\/wp-content\/uploads\/2026\/09\/WhatsApp-Image-2026-09-03-at-9.52.37-AM-300x134.jpeg 300w, https:\/\/elsemanariodenuevoleon.com.mx\/portal\/wp-content\/uploads\/2026\/09\/WhatsApp-Image-2026-09-03-at-9.52.37-AM-766x343.jpeg 766w, https:\/\/elsemanariodenuevoleon.com.mx\/portal\/wp-content\/uploads\/2026\/09\/WhatsApp-Image-2026-09-03-at-9.52.37-AM-1536x687.jpeg 1536w, https:\/\/elsemanariodenuevoleon.com.mx\/portal\/wp-content\/uploads\/2026\/09\/WhatsApp-Image-2026-09-03-at-9.52.37-AM.jpeg 1600w\" sizes=\"auto, (max-width: 1024px) 100vw, 1024px\" \/><\/figure>\n","protected":false},"excerpt":{"rendered":"<p>\ud83d\udcc5 3 de septiembre de 2026 En una acci\u00f3n coordinada entre la Divisi\u00f3n de Investigaci\u00f3n e Inteligencia de Fuerza Civil, la Secretar\u00eda de la Defensa Nacional (Defensa) y la Guardia Nacional, las autoridades lograron la detenci\u00f3n de seis personas armadas \u2014entre ellas una menor de edad\u2014 se\u00f1aladas como presuntas integrantes de un grupo delictivo con [&hellip;]<\/p>\n","protected":false},"author":3,"featured_media":122800,"comment_status":"open","ping_status":"closed","sticky":false,"template":"","format":"link","meta":{"om_disable_all_campaigns":false,"_monsterinsights_skip_tracking":false,"_uf_show_specific_survey":0,"_uf_disable_surveys":false,"footnotes":""},"categories":[4,39],"tags":[],"class_list":["post-122799","post","type-post","status-publish","format-link","has-post-thumbnail","hentry","category-portada","category-seguridad","post_format-post-format-link","has-thumb"],"_links":{"self":[{"href":"https:\/\/elsemanariodenuevoleon.com.mx\/portal\/wp-json\/wp\/v2\/posts\/122799","targetHints":{"allow":["GET"]}}],"collection":[{"href":"https:\/\/elsemanariodenuevoleon.com.mx\/portal\/wp-json\/wp\/v2\/posts"}],"about":[{"href":"https:\/\/elsemanariodenuevoleon.com.mx\/portal\/wp-json\/wp\/v2\/types\/post"}],"author":[{"embeddable":true,"href":"https:\/\/elsemanariodenuevoleon.com.mx\/portal\/wp-json\/wp\/v2\/users\/3"}],"replies":[{"embeddable":true,"href":"https:\/\/elsemanariodenuevoleon.com.mx\/portal\/wp-json\/wp\/v2\/comments?post=122799"}],"version-history":[{"count":1,"href":"https:\/\/elsemanariodenuevoleon.com.mx\/portal\/wp-json\/wp\/v2\/posts\/122799\/revisions"}],"predecessor-version":[{"id":122802,"href":"https:\/\/elsemanariodenuevoleon.com.mx\/portal\/wp-json\/wp\/v2\/posts\/122799\/revisions\/122802"}],"wp:featuredmedia":[{"embeddable":true,"href":"https:\/\/elsemanariodenuevoleon.com.mx\/portal\/wp-json\/wp\/v2\/media\/122800"}],"wp:attachment":[{"href":"https:\/\/elsemanariodenuevoleon.com.mx\/portal\/wp-json\/wp\/v2\/media?parent=122799"}],"wp:term":[{"taxonomy":"category","embeddable":true,"href":"https:\/\/elsemanariodenuevoleon.com.mx\/portal\/wp-json\/wp\/v2\/categories?post=122799"},{"taxonomy":"post_tag","embeddable":true,"href":"https:\/\/elsemanariodenuevoleon.com.mx\/portal\/wp-json\/wp\/v2\/tags?post=122799"}],"curies":[{"name":"wp","href":"https:\/\/api.w.org\/{rel}","templated":true}]}}