{"id":122807,"date":"2026-09-04T11:56:10","date_gmt":"2026-09-04T17:56:10","guid":{"rendered":"https:\/\/elsemanariodenuevoleon.com.mx\/portal\/?p=122807"},"modified":"2026-09-04T11:56:11","modified_gmt":"2026-09-04T17:56:11","slug":"dan-15-anos-de-carcel-a-un-hombre-por-matar-a-golpes-a-un-cliente-en-un-bar-del-centro-de-monterrey","status":"publish","type":"post","link":"https:\/\/elsemanariodenuevoleon.com.mx\/portal\/dan-15-anos-de-carcel-a-un-hombre-por-matar-a-golpes-a-un-cliente-en-un-bar-del-centro-de-monterrey\/","title":{"rendered":"Dan 15 a\u00f1os de c\u00e1rcel a un hombre por matar a golpes a un cliente en un bar del Centro de Monterrey"},"content":{"rendered":"\n<p class=\"wp-block-paragraph\">\ud83d\udcc5 4 de septiembre de 2026<\/p>\n\n\n\n<p class=\"wp-block-paragraph\">Un hombre identificado como Margarito &#8220;N&#8221; fue condenado a pasar 15 a\u00f1os en prisi\u00f3n tras ser encontrado culpable de matar a golpes a un adulto mayor dentro de un bar del Centro de Monterrey, en un hecho ocurrido a finales de 2024.<\/p>\n\n\n\n<p class=\"wp-block-paragraph\">Durante el juicio, las autoridades presentaron las pruebas y testimonios necesarios para demostrar que el acusado agredi\u00f3 a la v\u00edctima de manera directa e intencional. Tras revisar el caso, el juez le dio la raz\u00f3n a la Fiscal\u00eda y dict\u00f3 la sentencia definitiva.<\/p>\n\n\n\n<h2 class=\"wp-block-heading\"><strong>As\u00ed ocurri\u00f3 la agresi\u00f3n en el Centro de Monterrey<\/strong><\/h2>\n\n\n\n<p class=\"wp-block-paragraph\">Los hechos sucedieron la tarde del 16 de noviembre de 2024, cerca de las 7:00 de la noche, dentro del bar <em>Chula Fronteras<\/em>, ubicado sobre la calle Juan M\u00e9ndez, entre Aramberri y Ruperto Mart\u00ednez.<\/p>\n\n\n\n<p class=\"wp-block-paragraph\">Seg\u00fan las investigaciones, la agresi\u00f3n se desarroll\u00f3 de la siguiente manera:<\/p>\n\n\n\n<ul class=\"wp-block-list\">\n<li><strong>El primer ataque:<\/strong> Margarito &#8220;N&#8221; le dio un fuerte pu\u00f1etazo en la cara a la v\u00edctima (un hombre de entre 60 y 65 a\u00f1os), lo que provoc\u00f3 que el se\u00f1or cayera al suelo.<\/li>\n\n\n\n<li><strong>El segundo golpe:<\/strong> Cuando el hombre intentaba levantarse, el agresor volvi\u00f3 a golpearlo fuertemente en el rostro.<\/li>\n\n\n\n<li><strong>El desenlace:<\/strong> Los golpes le causaron heridas graves en la cabeza que le hicieron perder el conocimiento y le provocaron la muerte en el mismo lugar.<\/li>\n<\/ul>\n\n\n\n<h3 class=\"wp-block-heading\"><strong>Pagar\u00e1 su condena en el penal<\/strong><\/h3>\n\n\n\n<p class=\"wp-block-paragraph\">Al confirmarse su responsabilidad en el crimen, el juez le impuso a Margarito &#8220;N&#8221; dos sanciones principales:<\/p>\n\n\n\n<ul class=\"wp-block-list\">\n<li><strong>15 a\u00f1os de prisi\u00f3n:<\/strong> Los cuales deber\u00e1 cumplir encerrado en un penal del Estado de Nuevo Le\u00f3n.<\/li>\n\n\n\n<li><strong>Pago de reparaci\u00f3n del da\u00f1o:<\/strong> Deber\u00e1 entregar una cantidad de dinero a los familiares de la v\u00edctima como compensaci\u00f3n econ\u00f3mica.<\/li>\n<\/ul>\n\n\n\n<p class=\"wp-block-paragraph\"><\/p>\n","protected":false},"excerpt":{"rendered":"<p>\ud83d\udcc5 4 de septiembre de 2026 Un hombre identificado como Margarito &#8220;N&#8221; fue condenado a pasar 15 a\u00f1os en prisi\u00f3n tras ser encontrado culpable de matar a golpes a un adulto mayor dentro de un bar del Centro de Monterrey, en un hecho ocurrido a finales de 2024. Durante el juicio, las autoridades presentaron las [&hellip;]<\/p>\n","protected":false},"author":3,"featured_media":122808,"comment_status":"open","ping_status":"closed","sticky":false,"template":"","format":"link","meta":{"om_disable_all_campaigns":false,"_monsterinsights_skip_tracking":false,"_uf_show_specific_survey":0,"_uf_disable_surveys":false,"footnotes":""},"categories":[4,39],"tags":[],"class_list":["post-122807","post","type-post","status-publish","format-link","has-post-thumbnail","hentry","category-portada","category-seguridad","post_format-post-format-link","has-thumb"],"_links":{"self":[{"href":"https:\/\/elsemanariodenuevoleon.com.mx\/portal\/wp-json\/wp\/v2\/posts\/122807","targetHints":{"allow":["GET"]}}],"collection":[{"href":"https:\/\/elsemanariodenuevoleon.com.mx\/portal\/wp-json\/wp\/v2\/posts"}],"about":[{"href":"https:\/\/elsemanariodenuevoleon.com.mx\/portal\/wp-json\/wp\/v2\/types\/post"}],"author":[{"embeddable":true,"href":"https:\/\/elsemanariodenuevoleon.com.mx\/portal\/wp-json\/wp\/v2\/users\/3"}],"replies":[{"embeddable":true,"href":"https:\/\/elsemanariodenuevoleon.com.mx\/portal\/wp-json\/wp\/v2\/comments?post=122807"}],"version-history":[{"count":1,"href":"https:\/\/elsemanariodenuevoleon.com.mx\/portal\/wp-json\/wp\/v2\/posts\/122807\/revisions"}],"predecessor-version":[{"id":122809,"href":"https:\/\/elsemanariodenuevoleon.com.mx\/portal\/wp-json\/wp\/v2\/posts\/122807\/revisions\/122809"}],"wp:featuredmedia":[{"embeddable":true,"href":"https:\/\/elsemanariodenuevoleon.com.mx\/portal\/wp-json\/wp\/v2\/media\/122808"}],"wp:attachment":[{"href":"https:\/\/elsemanariodenuevoleon.com.mx\/portal\/wp-json\/wp\/v2\/media?parent=122807"}],"wp:term":[{"taxonomy":"category","embeddable":true,"href":"https:\/\/elsemanariodenuevoleon.com.mx\/portal\/wp-json\/wp\/v2\/categories?post=122807"},{"taxonomy":"post_tag","embeddable":true,"href":"https:\/\/elsemanariodenuevoleon.com.mx\/portal\/wp-json\/wp\/v2\/tags?post=122807"}],"curies":[{"name":"wp","href":"https:\/\/api.w.org\/{rel}","templated":true}]}}