{"id":122810,"date":"2026-09-04T12:00:29","date_gmt":"2026-09-04T18:00:29","guid":{"rendered":"https:\/\/elsemanariodenuevoleon.com.mx\/portal\/?p=122810"},"modified":"2026-09-04T12:00:30","modified_gmt":"2026-09-04T18:00:30","slug":"van-autoridades-y-pemex-tras-el-origen-de-los-olores-atipicos-en-la-zona-metropolitana","status":"publish","type":"post","link":"https:\/\/elsemanariodenuevoleon.com.mx\/portal\/van-autoridades-y-pemex-tras-el-origen-de-los-olores-atipicos-en-la-zona-metropolitana\/","title":{"rendered":"Van autoridades y Pemex tras el origen de los olores at\u00edpicos en la zona metropolitana"},"content":{"rendered":"\n<p class=\"wp-block-paragraph\">\ud83d\udcc5 4 de septiembre de 2026<\/p>\n\n\n\n<p class=\"wp-block-paragraph\">Autoridades ambientales de nivel federal y estatal, en conjunto con Petr\u00f3leos Mexicanos (Pemex), acordaron intensificar las labores de inspecci\u00f3n, monitoreo y evaluaci\u00f3n para ubicar el origen de los olores at\u00edpicos reportados por la ciudadan\u00eda en la Zona Metropolitana de Monterrey y aplicar las sanciones o medidas correspondientes.<\/p>\n\n\n\n<p class=\"wp-block-paragraph\">El acuerdo se logr\u00f3 tras una reuni\u00f3n t\u00e9cnica celebrada el 3 de septiembre y un recorrido de supervisi\u00f3n por las instalaciones de la Refiner\u00eda de Cadereyta, donde representantes de las distintas dependencias establecieron reforzar la coordinaci\u00f3n y el cruce de datos.<\/p>\n\n\n\n<h2 class=\"wp-block-heading\"><strong>Inspecciones en Cadereyta y monitoreo en el \u00e1rea metropolitana<\/strong><\/h2>\n\n\n\n<p class=\"wp-block-paragraph\">Como parte de las acciones en curso, las dependencias reportaron los avances alcanzados hasta el momento:<\/p>\n\n\n\n<ul class=\"wp-block-list\">\n<li><strong>Inspecci\u00f3n a la Refiner\u00eda de Cadereyta:<\/strong> La Agencia de Seguridad, Energ\u00eda y Ambiente (ASEA) dio a conocer que el pasado 31 de agosto realiz\u00f3 una visita de revisi\u00f3n a las instalaciones de la refiner\u00eda, cuyos resultados se encuentran actualmente en etapa de an\u00e1lisis.<\/li>\n\n\n\n<li><strong>Estudios de calidad del aire:<\/strong> El Instituto Nacional de Ecolog\u00eda y Cambio Clim\u00e1tico (INECC), junto con el Gobierno de Nuevo Le\u00f3n y el apoyo de Pemex, medir\u00e1 los contaminantes en zonas clave de la metr\u00f3poli y en los alrededores de la refiner\u00eda para identificar las fuentes emisoras.<\/li>\n\n\n\n<li><strong>Asistencia t\u00e9cnica:<\/strong> La Secretar\u00eda de Medio Ambiente y Recursos Naturales (Semarnat) revisar\u00e1 y validar\u00e1 los diagn\u00f3sticos finales para determinar las acciones que ayuden a mejorar la calidad del aire en la regi\u00f3n.<\/li>\n<\/ul>\n","protected":false},"excerpt":{"rendered":"<p>\ud83d\udcc5 4 de septiembre de 2026 Autoridades ambientales de nivel federal y estatal, en conjunto con Petr\u00f3leos Mexicanos (Pemex), acordaron intensificar las labores de inspecci\u00f3n, monitoreo y evaluaci\u00f3n para ubicar el origen de los olores at\u00edpicos reportados por la ciudadan\u00eda en la Zona Metropolitana de Monterrey y aplicar las sanciones o medidas correspondientes. El acuerdo [&hellip;]<\/p>\n","protected":false},"author":3,"featured_media":122811,"comment_status":"open","ping_status":"closed","sticky":false,"template":"","format":"link","meta":{"om_disable_all_campaigns":false,"_monsterinsights_skip_tracking":false,"_uf_show_specific_survey":0,"_uf_disable_surveys":false,"footnotes":""},"categories":[2,4],"tags":[],"class_list":["post-122810","post","type-post","status-publish","format-link","has-post-thumbnail","hentry","category-locales","category-portada","post_format-post-format-link","has-thumb"],"_links":{"self":[{"href":"https:\/\/elsemanariodenuevoleon.com.mx\/portal\/wp-json\/wp\/v2\/posts\/122810","targetHints":{"allow":["GET"]}}],"collection":[{"href":"https:\/\/elsemanariodenuevoleon.com.mx\/portal\/wp-json\/wp\/v2\/posts"}],"about":[{"href":"https:\/\/elsemanariodenuevoleon.com.mx\/portal\/wp-json\/wp\/v2\/types\/post"}],"author":[{"embeddable":true,"href":"https:\/\/elsemanariodenuevoleon.com.mx\/portal\/wp-json\/wp\/v2\/users\/3"}],"replies":[{"embeddable":true,"href":"https:\/\/elsemanariodenuevoleon.com.mx\/portal\/wp-json\/wp\/v2\/comments?post=122810"}],"version-history":[{"count":1,"href":"https:\/\/elsemanariodenuevoleon.com.mx\/portal\/wp-json\/wp\/v2\/posts\/122810\/revisions"}],"predecessor-version":[{"id":122812,"href":"https:\/\/elsemanariodenuevoleon.com.mx\/portal\/wp-json\/wp\/v2\/posts\/122810\/revisions\/122812"}],"wp:featuredmedia":[{"embeddable":true,"href":"https:\/\/elsemanariodenuevoleon.com.mx\/portal\/wp-json\/wp\/v2\/media\/122811"}],"wp:attachment":[{"href":"https:\/\/elsemanariodenuevoleon.com.mx\/portal\/wp-json\/wp\/v2\/media?parent=122810"}],"wp:term":[{"taxonomy":"category","embeddable":true,"href":"https:\/\/elsemanariodenuevoleon.com.mx\/portal\/wp-json\/wp\/v2\/categories?post=122810"},{"taxonomy":"post_tag","embeddable":true,"href":"https:\/\/elsemanariodenuevoleon.com.mx\/portal\/wp-json\/wp\/v2\/tags?post=122810"}],"curies":[{"name":"wp","href":"https:\/\/api.w.org\/{rel}","templated":true}]}}