{"id":122813,"date":"2026-09-03T12:00:42","date_gmt":"2026-09-03T18:00:42","guid":{"rendered":"https:\/\/elsemanariodenuevoleon.com.mx\/portal\/?p=122813"},"modified":"2026-09-04T12:09:55","modified_gmt":"2026-09-04T18:09:55","slug":"no-me-acalambra-y-no-me-va-a-quitar-lorena-de-la-garza-a-samuel-garcia","status":"publish","type":"post","link":"https:\/\/elsemanariodenuevoleon.com.mx\/portal\/no-me-acalambra-y-no-me-va-a-quitar-lorena-de-la-garza-a-samuel-garcia\/","title":{"rendered":"&#8220;No me acalambra y no me va a quitar&#8221;: Lorena de la Garza a Samuel Garc\u00eda"},"content":{"rendered":"\n<p class=\"wp-block-paragraph\">\ud83d\udcc5 3 de septiembre de 2026<\/p>\n\n\n\n<p class=\"wp-block-paragraph\">La diputada local por Monterrey y Presidenta de la Comisi\u00f3n de Presupuesto en el Congreso de Nuevo Le\u00f3n, Lorena de la Garza Venecia, respondi\u00f3 firmemente a las declaraciones del Gobernador Samuel Garc\u00eda Sep\u00falveda, quien solicit\u00f3 su remoci\u00f3n de dicho \u00f3rgano parlamentario y emiti\u00f3 se\u00f1aIamientos personales en su contra.<\/p>\n\n\n\n<p class=\"wp-block-paragraph\">La legisladora priista sostuvo que los ataques buscan desviar la atenci\u00f3n de la discusi\u00f3n de fondo en torno al Presupuesto 2027: la intenci\u00f3n del Gobierno Estatal de contratar una nueva deuda por 10 mil millones de pesos sin transparentear el destino de los recursos.<\/p>\n\n\n\n<h2 class=\"wp-block-heading\"><strong>Defiende autonom\u00eda del Congreso y exige cuentas claras<\/strong><\/h2>\n\n\n\n<p class=\"wp-block-paragraph\">De la Garza cuestion\u00f3 los argumentos legales esgrimidos por el Mandatario estatal y rechaz\u00f3 cualquier intento de injerencia del Poder Ejecutivo en las decisiones internas de la soberan\u00eda legislativa.<\/p>\n\n\n\n<p class=\"wp-block-paragraph\">\u201cA m\u00ed eso no me acalambra, a m\u00ed eso no me asusta. Me sorprende que alguien que presume ser tres veces doctor en Derecho desconozca una resoluci\u00f3n de este tipo y, adem\u00e1s, pretenda pasar por encima de la autonom\u00eda del Congreso. Si dice que existe una resoluci\u00f3n firme, que la muestre. Yo no soy empleada del Gobernador y \u00e9l no manda en el Congreso\u201d, asever\u00f3 la diputada.<\/p>\n\n\n\n<h3 class=\"wp-block-heading\"><strong>Condiciones para la negociaci\u00f3n del Presupuesto 2027<\/strong><\/h3>\n\n\n\n<p class=\"wp-block-paragraph\">La Presidenta de la Comisi\u00f3n de Presupuesto reiter\u00f3 que el tr\u00e1mite del paquete fiscal no avanzar\u00e1 mediante exigencias unilaterales ni solicitudes de financiamiento sin sustento t\u00e9cnico. Para destrabar la negociaci\u00f3n, estableci\u00f3 tres puntos centrales:<\/p>\n\n\n\n<ul class=\"wp-block-list\">\n<li><strong>Tesorero ratificado:<\/strong> Contar con la ratificaci\u00f3n formal del titular de la Secretar\u00eda de Finanzas y Tesorer\u00eda General del Estado por parte del Congreso.<\/li>\n\n\n\n<li><strong>Cero vetos y desglose de gasto:<\/strong> Que el Ejecutivo asuma el compromiso de no vetar los acuerdos presupuestales y desglose con precisi\u00f3n el destino de cada peso.<\/li>\n\n\n\n<li><strong>Justificaci\u00f3n de la deuda:<\/strong> Transparencia sobre los 10 mil millones de pesos solicitados y comprobaci\u00f3n del uso del presupuesto previamente autorizado.<\/li>\n<\/ul>\n\n\n\n<p class=\"wp-block-paragraph\">\u201cNo estamos en contra de financiar proyectos. Estamos en contra de firmar cheques en blanco. Con Tesorero ratificado, con el compromiso de no vetar y con el destino de cada peso, hay Presupuesto para 2027\u201d, concluy\u00f3 De la Garza Venecia, garantizando que continuar\u00e1 al frente de las comisiones exigiendo la rendici\u00f3n de cuentas al Estado.<\/p>\n","protected":false},"excerpt":{"rendered":"<p>\ud83d\udcc5 3 de septiembre de 2026 La diputada local por Monterrey y Presidenta de la Comisi\u00f3n de Presupuesto en el Congreso de Nuevo Le\u00f3n, Lorena de la Garza Venecia, respondi\u00f3 firmemente a las declaraciones del Gobernador Samuel Garc\u00eda Sep\u00falveda, quien solicit\u00f3 su remoci\u00f3n de dicho \u00f3rgano parlamentario y emiti\u00f3 se\u00f1aIamientos personales en su contra. La [&hellip;]<\/p>\n","protected":false},"author":3,"featured_media":122814,"comment_status":"open","ping_status":"closed","sticky":false,"template":"","format":"link","meta":{"om_disable_all_campaigns":false,"_monsterinsights_skip_tracking":false,"_uf_show_specific_survey":0,"_uf_disable_surveys":false,"footnotes":""},"categories":[6,4],"tags":[],"class_list":["post-122813","post","type-post","status-publish","format-link","has-post-thumbnail","hentry","category-politics","category-portada","post_format-post-format-link","has-thumb"],"_links":{"self":[{"href":"https:\/\/elsemanariodenuevoleon.com.mx\/portal\/wp-json\/wp\/v2\/posts\/122813","targetHints":{"allow":["GET"]}}],"collection":[{"href":"https:\/\/elsemanariodenuevoleon.com.mx\/portal\/wp-json\/wp\/v2\/posts"}],"about":[{"href":"https:\/\/elsemanariodenuevoleon.com.mx\/portal\/wp-json\/wp\/v2\/types\/post"}],"author":[{"embeddable":true,"href":"https:\/\/elsemanariodenuevoleon.com.mx\/portal\/wp-json\/wp\/v2\/users\/3"}],"replies":[{"embeddable":true,"href":"https:\/\/elsemanariodenuevoleon.com.mx\/portal\/wp-json\/wp\/v2\/comments?post=122813"}],"version-history":[{"count":1,"href":"https:\/\/elsemanariodenuevoleon.com.mx\/portal\/wp-json\/wp\/v2\/posts\/122813\/revisions"}],"predecessor-version":[{"id":122815,"href":"https:\/\/elsemanariodenuevoleon.com.mx\/portal\/wp-json\/wp\/v2\/posts\/122813\/revisions\/122815"}],"wp:featuredmedia":[{"embeddable":true,"href":"https:\/\/elsemanariodenuevoleon.com.mx\/portal\/wp-json\/wp\/v2\/media\/122814"}],"wp:attachment":[{"href":"https:\/\/elsemanariodenuevoleon.com.mx\/portal\/wp-json\/wp\/v2\/media?parent=122813"}],"wp:term":[{"taxonomy":"category","embeddable":true,"href":"https:\/\/elsemanariodenuevoleon.com.mx\/portal\/wp-json\/wp\/v2\/categories?post=122813"},{"taxonomy":"post_tag","embeddable":true,"href":"https:\/\/elsemanariodenuevoleon.com.mx\/portal\/wp-json\/wp\/v2\/tags?post=122813"}],"curies":[{"name":"wp","href":"https:\/\/api.w.org\/{rel}","templated":true}]}}