{"id":122816,"date":"2026-09-03T12:10:51","date_gmt":"2026-09-03T18:10:51","guid":{"rendered":"https:\/\/elsemanariodenuevoleon.com.mx\/portal\/?p=122816"},"modified":"2026-09-04T12:15:03","modified_gmt":"2026-09-04T18:15:03","slug":"cuestiona-waldo-fernandez-acercamientos-de-la-uanl-con-el-poder-ejecutivo","status":"publish","type":"post","link":"https:\/\/elsemanariodenuevoleon.com.mx\/portal\/cuestiona-waldo-fernandez-acercamientos-de-la-uanl-con-el-poder-ejecutivo\/","title":{"rendered":"Cuestiona Waldo Fern\u00e1ndez acercamientos de la UANL con el Poder Ejecutivo"},"content":{"rendered":"\n<p class=\"wp-block-paragraph\">\ud83d\udcc5 3 de septiembre de 2026<\/p>\n\n\n\n<p class=\"wp-block-paragraph\">Ante las recientes se\u00f1ales de acercamiento entre directivos de la Universidad Aut\u00f3noma de Nuevo Le\u00f3n (UANL) y el Poder Ejecutivo estatal, el senador con licencia Waldo Fern\u00e1ndez Gonz\u00e1lez lanz\u00f3 un llamado a los \u00f3rganos de gobierno universitarios para actuar con firmeza y blindar a la instituci\u00f3n de intromisiones del poder pol\u00edtico.<\/p>\n\n\n\n<p class=\"wp-block-paragraph\">El legislador exhort\u00f3 de manera directa al Consejo Universitario y a la Comisi\u00f3n Electoral de la UANL a garantizar la independencia del proceso interno de renovaci\u00f3n de la dirigencia, se\u00f1alando que la m\u00e1xima casa de estudios pertenece a los ciudadanos y no a los gobiernos de paso.<\/p>\n\n\n\n<h2 class=\"wp-block-heading\"><strong>Cuestionan reuniones en la casa del Gobernador<\/strong><\/h2>\n\n\n\n<p class=\"wp-block-paragraph\">Fern\u00e1ndez Gonz\u00e1lez expres\u00f3 su preocupaci\u00f3n tras la presentaci\u00f3n de un funcionario universitario de alto nivel en la residencia oficial del Mandatario estatal, hecho que consider\u00f3 una se\u00f1al riesgosa para la imparcialidad de la m\u00e1xima casa de estudios.<\/p>\n\n\n\n<p class=\"wp-block-paragraph\">El senador con licencia matiz\u00f3 que la autonom\u00eda no debe confundirse con opacidad o falta de rendici\u00f3n de cuentas ante los \u00f3rganos fiscalizadores del Estado, como el Congreso Local, pero remarc\u00f3 que las fronteras del ejercicio p\u00fablico deben respetarse.<\/p>\n\n\n\n<p class=\"wp-block-paragraph\">\u201cLa Universidad no le pertenece al gobernante en turno; le pertenece a toda la comunidad, al pueblo de Nuevo Le\u00f3n. Defender la autonom\u00eda no solo implica cumplir con procedimientos; implica, sobre todo, decirle al poder pol\u00edtico d\u00f3nde terminan sus atribuciones\u201d, enfatiz\u00f3 Fern\u00e1ndez.<\/p>\n\n\n\n<h3 class=\"wp-block-heading\"><strong>Pide firmeza a los \u00f3rganos universitarios<\/strong><\/h3>\n\n\n\n<p class=\"wp-block-paragraph\">En el marco del pr\u00f3ximo proceso de elecci\u00f3n de las autoridades universitarias, el legislador y egresado de la UANL destac\u00f3 la responsabilidad de las autoridades internas para conducir la coyuntura con absoluta neutralidad:<\/p>\n\n\n\n<ul class=\"wp-block-list\">\n<li><strong>Papel del Consejo Universitario:<\/strong> Exigi\u00f3 al m\u00e1ximo \u00f3rgano colegiado asumir la defensa institucional frente a presiones externas.<\/li>\n\n\n\n<li><strong>Garant\u00edas de la Comisi\u00f3n Electoral:<\/strong> Pidi\u00f3 al cuerpo arbitral universitario asegurar un piso parejo e independiente en la elecci\u00f3n interna.<\/li>\n\n\n\n<li><strong>Neutralidad pol\u00edtica:<\/strong> Record\u00f3 que durante su campa\u00f1a al Senado no se le extendi\u00f3 invitaci\u00f3n a la universidad mientras a otros actores s\u00ed, se\u00f1alando que el enfoque central debe ser resguardar la imparcialidad de la instituci\u00f3n.<\/li>\n<\/ul>\n\n\n\n<p class=\"wp-block-paragraph\">El legislador concluy\u00f3 reconociendo la buena fe de las autoridades universitarias, se\u00f1alando que en el actual contexto se requerir\u00e1 valor institucional para poner l\u00edmites claros frente a cualquier intento de injerencia pol\u00edtica.<\/p>\n","protected":false},"excerpt":{"rendered":"<p>\ud83d\udcc5 3 de septiembre de 2026 Ante las recientes se\u00f1ales de acercamiento entre directivos de la Universidad Aut\u00f3noma de Nuevo Le\u00f3n (UANL) y el Poder Ejecutivo estatal, el senador con licencia Waldo Fern\u00e1ndez Gonz\u00e1lez lanz\u00f3 un llamado a los \u00f3rganos de gobierno universitarios para actuar con firmeza y blindar a la instituci\u00f3n de intromisiones del [&hellip;]<\/p>\n","protected":false},"author":3,"featured_media":122817,"comment_status":"open","ping_status":"closed","sticky":false,"template":"","format":"link","meta":{"om_disable_all_campaigns":false,"_monsterinsights_skip_tracking":false,"_uf_show_specific_survey":0,"_uf_disable_surveys":false,"footnotes":""},"categories":[6,4],"tags":[],"class_list":["post-122816","post","type-post","status-publish","format-link","has-post-thumbnail","hentry","category-politics","category-portada","post_format-post-format-link","has-thumb"],"_links":{"self":[{"href":"https:\/\/elsemanariodenuevoleon.com.mx\/portal\/wp-json\/wp\/v2\/posts\/122816","targetHints":{"allow":["GET"]}}],"collection":[{"href":"https:\/\/elsemanariodenuevoleon.com.mx\/portal\/wp-json\/wp\/v2\/posts"}],"about":[{"href":"https:\/\/elsemanariodenuevoleon.com.mx\/portal\/wp-json\/wp\/v2\/types\/post"}],"author":[{"embeddable":true,"href":"https:\/\/elsemanariodenuevoleon.com.mx\/portal\/wp-json\/wp\/v2\/users\/3"}],"replies":[{"embeddable":true,"href":"https:\/\/elsemanariodenuevoleon.com.mx\/portal\/wp-json\/wp\/v2\/comments?post=122816"}],"version-history":[{"count":1,"href":"https:\/\/elsemanariodenuevoleon.com.mx\/portal\/wp-json\/wp\/v2\/posts\/122816\/revisions"}],"predecessor-version":[{"id":122818,"href":"https:\/\/elsemanariodenuevoleon.com.mx\/portal\/wp-json\/wp\/v2\/posts\/122816\/revisions\/122818"}],"wp:featuredmedia":[{"embeddable":true,"href":"https:\/\/elsemanariodenuevoleon.com.mx\/portal\/wp-json\/wp\/v2\/media\/122817"}],"wp:attachment":[{"href":"https:\/\/elsemanariodenuevoleon.com.mx\/portal\/wp-json\/wp\/v2\/media?parent=122816"}],"wp:term":[{"taxonomy":"category","embeddable":true,"href":"https:\/\/elsemanariodenuevoleon.com.mx\/portal\/wp-json\/wp\/v2\/categories?post=122816"},{"taxonomy":"post_tag","embeddable":true,"href":"https:\/\/elsemanariodenuevoleon.com.mx\/portal\/wp-json\/wp\/v2\/tags?post=122816"}],"curies":[{"name":"wp","href":"https:\/\/api.w.org\/{rel}","templated":true}]}}